{"id":9955,"date":"2019-01-18T13:20:01","date_gmt":"2019-01-18T11:20:01","guid":{"rendered":"https:\/\/www.gereso.com\/actualites\/?p=9955"},"modified":"2019-01-18T13:20:03","modified_gmt":"2019-01-18T11:20:03","slug":"quiz-le-contentieux-en-droit-social","status":"publish","type":"post","link":"https:\/\/www.gereso.com\/actualites\/2019\/01\/18\/quiz-le-contentieux-en-droit-social\/","title":{"rendered":"Quiz : le contentieux en droit social"},"content":{"rendered":"\n<p>Ce quiz est l\u2019occasion de faire le point sur les <strong>r\u00e8gles entourant actuellement le\ncontentieux en droit social.<\/strong><\/p>\n\n\n\n<p><em>R\u00e9pondez par Vrai ou Faux aux 10 affirmations suivantes.<\/em><\/p>\n\n\n\n<link type=\"text\/css\" rel=\"stylesheet\" href=\"https:\/\/www.gereso.com\/actualites\/wp-content\/plugins\/quizzin\/style.css\" \/>\r\n<script type=\"text\/javascript\" src=\"https:\/\/www.gereso.com\/actualites\/wp-includes\/js\/jquery\/jquery.js\"><\/script>\r\n<script type=\"text\/javascript\" src=\"https:\/\/www.gereso.com\/actualites\/wp-content\/plugins\/quizzin\/script.js\"><\/script>\r\n\r\n<div class=\"quiz-area single-page-quiz\">\r\n<form action=\"\" method=\"post\" class=\"quiz-form\" id=\"quiz-30\">\r\n<div class='quizzin-question' id='question-1'><div class='question-content'>Affirmation 1\/10 : Tous les litiges entre employeur et salari\u00e9s sont de la comp\u00e9tence du conseil des prud\u2019hommes.<\/div><br \/><input type='hidden' name='question_id[]' value='291' \/><label for='answer-id-898' id='answer-label-898' class=' answer label-1'><input type='radio' name='answer-291' id='answer-id-898' class='answer answer-1 ' value='898' \/><span class='answer'> Vrai<\/span><\/label><br \/><label for='answer-id-899' id='answer-label-899' class=' answer label-1'><input type='radio' name='answer-291' id='answer-id-899' class='answer answer-1 ' value='899' \/><span class='answer'> Faux<\/span><\/label><br \/><\/div><div class='quizzin-question' id='question-2'><div class='question-content'>Affirmation 2\/10 : Certains litiges en droit social sont de la comp\u00e9tence du tribunal d\u2019instance.<\/div><br \/><input type='hidden' name='question_id[]' value='292' \/><label for='answer-id-900' id='answer-label-900' class=' answer label-2'><input type='radio' name='answer-292' id='answer-id-900' class='answer answer-2 ' value='900' \/><span class='answer'> Vrai<\/span><\/label><br \/><label for='answer-id-901' id='answer-label-901' class=' answer label-2'><input type='radio' name='answer-292' id='answer-id-901' class='answer answer-2 ' value='901' \/><span class='answer'> Faux<\/span><\/label><br \/><\/div><div class='quizzin-question' id='question-3'><div class='question-content'>Affirmation 3\/10 : Pour les litiges collectifs en droit social, c\u2019est le tribunal de grande instance qui est comp\u00e9tent.<\/div><br \/><input type='hidden' name='question_id[]' value='293' \/><label for='answer-id-902' id='answer-label-902' class=' answer label-3'><input type='radio' name='answer-293' id='answer-id-902' class='answer answer-3 ' value='902' \/><span class='answer'> Vrai<\/span><\/label><br \/><label for='answer-id-903' id='answer-label-903' class=' answer label-3'><input type='radio' name='answer-293' id='answer-id-903' class='answer answer-3 ' value='903' \/><span class='answer'> Faux<\/span><\/label><br \/><\/div><div class='quizzin-question' id='question-4'><div class='question-content'>Affirmation 4\/10 : Le conseil des prud\u2019hommes territorialement comp\u00e9tent d\u00e9pend du lieu o\u00f9 travaille le salari\u00e9.<\/div><br \/><input type='hidden' name='question_id[]' value='294' \/><label for='answer-id-904' id='answer-label-904' class=' answer label-4'><input type='radio' name='answer-294' id='answer-id-904' class='answer answer-4 ' value='904' \/><span class='answer'> Vrai<\/span><\/label><br \/><label for='answer-id-905' id='answer-label-905' class=' answer label-4'><input type='radio' name='answer-294' id='answer-id-905' class='answer answer-4 ' value='905' \/><span class='answer'> Faux<\/span><\/label><br \/><\/div><div class='quizzin-question' id='question-5'><div class='question-content'>Affirmation 5\/10 : Devant le Conseil des prud\u2019hommes, la phase de conciliation est obligatoire.<\/div><br \/><input type='hidden' name='question_id[]' value='295' \/><label for='answer-id-906' id='answer-label-906' class=' answer label-5'><input type='radio' name='answer-295' id='answer-id-906' class='answer answer-5 ' value='906' \/><span class='answer'> Vrai<\/span><\/label><br \/><label for='answer-id-907' id='answer-label-907' class=' answer label-5'><input type='radio' name='answer-295' id='answer-id-907' class='answer answer-5 ' value='907' \/><span class='answer'> Faux<\/span><\/label><br \/><\/div><div class='quizzin-question' id='question-6'><div class='question-content'>Affirmation 6\/10 : Il est toujours possible de faire appel d\u2019un jugement rendu par le Conseil des prud\u2019hommes.<\/div><br \/><input type='hidden' name='question_id[]' value='296' \/><label for='answer-id-908' id='answer-label-908' class=' answer label-6'><input type='radio' name='answer-296' id='answer-id-908' class='answer answer-6 ' value='908' \/><span class='answer'> Vrai<\/span><\/label><br \/><label for='answer-id-909' id='answer-label-909' class=' answer label-6'><input type='radio' name='answer-296' id='answer-id-909' class='answer answer-6 ' value='909' \/><span class='answer'> Faux<\/span><\/label><br \/><\/div><div class='quizzin-question' id='question-7'><div class='question-content'>Affirmation 7\/10 : Le tribunal des affaires de s\u00e9curit\u00e9 sociale (TASS) est comp\u00e9tent pour r\u00e9gler les principaux litiges entre les usagers et la caisse de S\u00e9curit\u00e9 sociale.<\/div><br \/><input type='hidden' name='question_id[]' value='297' \/><label for='answer-id-910' id='answer-label-910' class=' answer label-7'><input type='radio' name='answer-297' id='answer-id-910' class='answer answer-7 ' value='910' \/><span class='answer'> Vrai<\/span><\/label><br \/><label for='answer-id-911' id='answer-label-911' class=' answer label-7'><input type='radio' name='answer-297' id='answer-id-911' class='answer answer-7 ' value='911' \/><span class='answer'> Faux<\/span><\/label><br \/><\/div><div class='quizzin-question' id='question-8'><div class='question-content'>Affirmation 8\/10 : Les litiges relatifs \u00e0 l\u2019\u00e9tat ou au degr\u00e9 d\u2019invalidit\u00e9 doivent \u00eatre port\u00e9s devant le tribunal du contentieux de l\u2019incapacit\u00e9.<\/div><br \/><input type='hidden' name='question_id[]' value='298' \/><label for='answer-id-912' id='answer-label-912' class=' answer label-8'><input type='radio' name='answer-298' id='answer-id-912' class='answer answer-8 ' value='912' \/><span class='answer'> Vrai<\/span><\/label><br \/><label for='answer-id-913' id='answer-label-913' class=' answer label-8'><input type='radio' name='answer-298' id='answer-id-913' class='answer answer-8 ' value='913' \/><span class='answer'> Faux<\/span><\/label><br \/><\/div><div class='quizzin-question' id='question-9'><div class='question-content'>Affirmation 9\/10 :\u00a0Les r\u00e9clamations contre les d\u00e9cisions de la CPAM doivent obligatoirement \u00eatre pr\u00e9sent\u00e9es \u00e0 la Commission de recours amiable (CRA) avant toute proc\u00e9dure contentieuse.<\/div><br \/><input type='hidden' name='question_id[]' value='299' \/><label for='answer-id-914' id='answer-label-914' class=' answer label-9'><input type='radio' name='answer-299' id='answer-id-914' class='answer answer-9 ' value='914' \/><span class='answer'> Vrai<\/span><\/label><br \/><label for='answer-id-915' id='answer-label-915' class=' answer label-9'><input type='radio' name='answer-299' id='answer-id-915' class='answer answer-9 ' value='915' \/><span class='answer'> Faux<\/span><\/label><br \/><\/div><div class='quizzin-question' id='question-10'><div class='question-content'>Affirmation 10\/10 :\u00a0Il est possible de contester une d\u00e9cision d\u2019ordre m\u00e9dical en saisissant directement la commission de recours amiable (CRA) de la CPAM.<\/div><br \/><input type='hidden' name='question_id[]' value='300' \/><label for='answer-id-916' id='answer-label-916' class=' answer label-10'><input type='radio' name='answer-300' id='answer-id-916' class='answer answer-10 ' value='916' \/><span class='answer'> Vrai<\/span><\/label><br \/><label for='answer-id-917' id='answer-label-917' class=' answer label-10'><input type='radio' name='answer-300' id='answer-id-917' class='answer answer-10 ' value='917' \/><span class='answer'> Faux<\/span><\/label><br \/><\/div><br \/>\r\n<input type=\"button\" id=\"next-question\" value=\"Question suivante &gt;\"  \/><br \/>\r\n\r\n<input type=\"submit\" name=\"action\" id=\"action-button\" value=\"Valider mes r\u00e9ponses et voir le r\u00e9sultat &nbsp; \"  \/>\r\n<input type=\"hidden\" name=\"quiz_id\" value=\"30\" \/>\r\n<\/form>\r\n<\/div>\r\n\r\n\n","protected":false},"excerpt":{"rendered":"<p>Ce quiz est l\u2019occasion de faire le point sur les r\u00e8gles entourant actuellement le contentieux en droit social. R\u00e9pondez par Vrai ou Faux aux 10 affirmations suivantes.<\/p>\n","protected":false},"author":44,"featured_media":9958,"comment_status":"open","ping_status":"open","sticky":false,"template":"","format":"standard","meta":{"_acf_changed":false,"_mi_skip_tracking":false,"footnotes":""},"categories":[5],"tags":[31,1598,941],"class_list":["post-9955","post","type-post","status-publish","format-standard","has-post-thumbnail","hentry","category-droit-du-travail","tag-contentieux","tag-litige-droit-social","tag-prudhommes"],"acf":[],"yoast_head":"<!-- This site is optimized with the Yoast SEO plugin v23.4 - https:\/\/yoast.com\/wordpress\/plugins\/seo\/ -->\n<title>Quiz : le contentieux en droit social - Le Blog GERESO<\/title>\n<meta name=\"robots\" content=\"index, follow, max-snippet:-1, max-image-preview:large, max-video-preview:-1\" \/>\n<link rel=\"canonical\" href=\"https:\/\/www.gereso.com\/actualites\/2019\/01\/18\/quiz-le-contentieux-en-droit-social\/\" \/>\n<meta property=\"og:locale\" content=\"fr_FR\" \/>\n<meta property=\"og:type\" content=\"article\" \/>\n<meta property=\"og:title\" content=\"Quiz : le contentieux en droit social - Le Blog GERESO\" \/>\n<meta property=\"og:description\" content=\"Ce quiz est l\u2019occasion de faire le point sur les r\u00e8gles entourant actuellement le contentieux en droit social. R\u00e9pondez par Vrai ou Faux aux 10 affirmations suivantes.\" \/>\n<meta property=\"og:url\" content=\"https:\/\/www.gereso.com\/actualites\/2019\/01\/18\/quiz-le-contentieux-en-droit-social\/\" \/>\n<meta property=\"og:site_name\" content=\"Le Blog GERESO\" \/>\n<meta property=\"article:published_time\" content=\"2019-01-18T11:20:01+00:00\" \/>\n<meta property=\"article:modified_time\" content=\"2019-01-18T11:20:03+00:00\" \/>\n<meta property=\"og:image\" content=\"https:\/\/www.gereso.com\/actualites\/wp-content\/uploads\/2019\/01\/Quiz-le-contentieux-en-droit-social.jpg\" \/>\n\t<meta property=\"og:image:width\" content=\"600\" \/>\n\t<meta property=\"og:image:height\" content=\"400\" \/>\n\t<meta property=\"og:image:type\" content=\"image\/jpeg\" \/>\n<meta name=\"author\" content=\"Gwendoline Aubourg\" \/>\n<meta name=\"twitter:card\" content=\"summary_large_image\" \/>\n<script type=\"application\/ld+json\" class=\"yoast-schema-graph\">{\"@context\":\"https:\/\/schema.org\",\"@graph\":[{\"@type\":\"WebPage\",\"@id\":\"https:\/\/www.gereso.com\/actualites\/2019\/01\/18\/quiz-le-contentieux-en-droit-social\/\",\"url\":\"https:\/\/www.gereso.com\/actualites\/2019\/01\/18\/quiz-le-contentieux-en-droit-social\/\",\"name\":\"Quiz : le contentieux en droit social - Le Blog GERESO\",\"isPartOf\":{\"@id\":\"https:\/\/www.gereso.com\/actualites\/#website\"},\"primaryImageOfPage\":{\"@id\":\"https:\/\/www.gereso.com\/actualites\/2019\/01\/18\/quiz-le-contentieux-en-droit-social\/#primaryimage\"},\"image\":{\"@id\":\"https:\/\/www.gereso.com\/actualites\/2019\/01\/18\/quiz-le-contentieux-en-droit-social\/#primaryimage\"},\"thumbnailUrl\":\"https:\/\/www.gereso.com\/actualites\/wp-content\/uploads\/2019\/01\/Quiz-le-contentieux-en-droit-social.jpg\",\"datePublished\":\"2019-01-18T11:20:01+00:00\",\"dateModified\":\"2019-01-18T11:20:03+00:00\",\"author\":{\"@id\":\"https:\/\/www.gereso.com\/actualites\/#\/schema\/person\/74853d141382f3563939c9e96dcdc2ce\"},\"breadcrumb\":{\"@id\":\"https:\/\/www.gereso.com\/actualites\/2019\/01\/18\/quiz-le-contentieux-en-droit-social\/#breadcrumb\"},\"inLanguage\":\"fr-FR\",\"potentialAction\":[{\"@type\":\"ReadAction\",\"target\":[\"https:\/\/www.gereso.com\/actualites\/2019\/01\/18\/quiz-le-contentieux-en-droit-social\/\"]}]},{\"@type\":\"ImageObject\",\"inLanguage\":\"fr-FR\",\"@id\":\"https:\/\/www.gereso.com\/actualites\/2019\/01\/18\/quiz-le-contentieux-en-droit-social\/#primaryimage\",\"url\":\"https:\/\/www.gereso.com\/actualites\/wp-content\/uploads\/2019\/01\/Quiz-le-contentieux-en-droit-social.jpg\",\"contentUrl\":\"https:\/\/www.gereso.com\/actualites\/wp-content\/uploads\/2019\/01\/Quiz-le-contentieux-en-droit-social.jpg\",\"width\":600,\"height\":400,\"caption\":\"Quiz le contentieux en droit social\"},{\"@type\":\"BreadcrumbList\",\"@id\":\"https:\/\/www.gereso.com\/actualites\/2019\/01\/18\/quiz-le-contentieux-en-droit-social\/#breadcrumb\",\"itemListElement\":[{\"@type\":\"ListItem\",\"position\":1,\"name\":\"Home\",\"item\":\"https:\/\/www.gereso.com\/actualites\/\"},{\"@type\":\"ListItem\",\"position\":2,\"name\":\"Quiz : le contentieux en droit social\"}]},{\"@type\":\"WebSite\",\"@id\":\"https:\/\/www.gereso.com\/actualites\/#website\",\"url\":\"https:\/\/www.gereso.com\/actualites\/\",\"name\":\"Le Blog GERESO\",\"description\":\"Toute l&#039;actu RH, Finance, Fonction Publique, Management...\",\"potentialAction\":[{\"@type\":\"SearchAction\",\"target\":{\"@type\":\"EntryPoint\",\"urlTemplate\":\"https:\/\/www.gereso.com\/actualites\/?s={search_term_string}\"},\"query-input\":{\"@type\":\"PropertyValueSpecification\",\"valueRequired\":true,\"valueName\":\"search_term_string\"}}],\"inLanguage\":\"fr-FR\"},{\"@type\":\"Person\",\"@id\":\"https:\/\/www.gereso.com\/actualites\/#\/schema\/person\/74853d141382f3563939c9e96dcdc2ce\",\"name\":\"Gwendoline Aubourg\",\"image\":{\"@type\":\"ImageObject\",\"inLanguage\":\"fr-FR\",\"@id\":\"https:\/\/www.gereso.com\/actualites\/#\/schema\/person\/image\/\",\"url\":\"https:\/\/www.gereso.com\/actualites\/wp-content\/uploads\/2016\/10\/GwendolineAubourg-1-144x144.jpg\",\"contentUrl\":\"https:\/\/www.gereso.com\/actualites\/wp-content\/uploads\/2016\/10\/GwendolineAubourg-1-144x144.jpg\",\"caption\":\"Gwendoline Aubourg\"},\"description\":\"Juriste, dipl\u00f4m\u00e9e en droit social de la Facult\u00e9 des sciences juridiques, politiques et sociales de Lille, r\u00e9dactrice RH et auteure de nombreux ouvrages sur les th\u00e8mes du droit du travail et des droits du consommateurs.\",\"url\":\"https:\/\/www.gereso.com\/actualites\/author\/g-aubourg\/\"}]}<\/script>\n<!-- \/ Yoast SEO plugin. -->","yoast_head_json":{"title":"Quiz : le contentieux en droit social - Le Blog GERESO","robots":{"index":"index","follow":"follow","max-snippet":"max-snippet:-1","max-image-preview":"max-image-preview:large","max-video-preview":"max-video-preview:-1"},"canonical":"https:\/\/www.gereso.com\/actualites\/2019\/01\/18\/quiz-le-contentieux-en-droit-social\/","og_locale":"fr_FR","og_type":"article","og_title":"Quiz : le contentieux en droit social - Le Blog GERESO","og_description":"Ce quiz est l\u2019occasion de faire le point sur les r\u00e8gles entourant actuellement le contentieux en droit social. R\u00e9pondez par Vrai ou Faux aux 10 affirmations suivantes.","og_url":"https:\/\/www.gereso.com\/actualites\/2019\/01\/18\/quiz-le-contentieux-en-droit-social\/","og_site_name":"Le Blog GERESO","article_published_time":"2019-01-18T11:20:01+00:00","article_modified_time":"2019-01-18T11:20:03+00:00","og_image":[{"width":600,"height":400,"url":"https:\/\/www.gereso.com\/actualites\/wp-content\/uploads\/2019\/01\/Quiz-le-contentieux-en-droit-social.jpg","type":"image\/jpeg"}],"author":"Gwendoline Aubourg","twitter_card":"summary_large_image","schema":{"@context":"https:\/\/schema.org","@graph":[{"@type":"WebPage","@id":"https:\/\/www.gereso.com\/actualites\/2019\/01\/18\/quiz-le-contentieux-en-droit-social\/","url":"https:\/\/www.gereso.com\/actualites\/2019\/01\/18\/quiz-le-contentieux-en-droit-social\/","name":"Quiz : le contentieux en droit social - Le Blog GERESO","isPartOf":{"@id":"https:\/\/www.gereso.com\/actualites\/#website"},"primaryImageOfPage":{"@id":"https:\/\/www.gereso.com\/actualites\/2019\/01\/18\/quiz-le-contentieux-en-droit-social\/#primaryimage"},"image":{"@id":"https:\/\/www.gereso.com\/actualites\/2019\/01\/18\/quiz-le-contentieux-en-droit-social\/#primaryimage"},"thumbnailUrl":"https:\/\/www.gereso.com\/actualites\/wp-content\/uploads\/2019\/01\/Quiz-le-contentieux-en-droit-social.jpg","datePublished":"2019-01-18T11:20:01+00:00","dateModified":"2019-01-18T11:20:03+00:00","author":{"@id":"https:\/\/www.gereso.com\/actualites\/#\/schema\/person\/74853d141382f3563939c9e96dcdc2ce"},"breadcrumb":{"@id":"https:\/\/www.gereso.com\/actualites\/2019\/01\/18\/quiz-le-contentieux-en-droit-social\/#breadcrumb"},"inLanguage":"fr-FR","potentialAction":[{"@type":"ReadAction","target":["https:\/\/www.gereso.com\/actualites\/2019\/01\/18\/quiz-le-contentieux-en-droit-social\/"]}]},{"@type":"ImageObject","inLanguage":"fr-FR","@id":"https:\/\/www.gereso.com\/actualites\/2019\/01\/18\/quiz-le-contentieux-en-droit-social\/#primaryimage","url":"https:\/\/www.gereso.com\/actualites\/wp-content\/uploads\/2019\/01\/Quiz-le-contentieux-en-droit-social.jpg","contentUrl":"https:\/\/www.gereso.com\/actualites\/wp-content\/uploads\/2019\/01\/Quiz-le-contentieux-en-droit-social.jpg","width":600,"height":400,"caption":"Quiz le contentieux en droit social"},{"@type":"BreadcrumbList","@id":"https:\/\/www.gereso.com\/actualites\/2019\/01\/18\/quiz-le-contentieux-en-droit-social\/#breadcrumb","itemListElement":[{"@type":"ListItem","position":1,"name":"Home","item":"https:\/\/www.gereso.com\/actualites\/"},{"@type":"ListItem","position":2,"name":"Quiz : le contentieux en droit social"}]},{"@type":"WebSite","@id":"https:\/\/www.gereso.com\/actualites\/#website","url":"https:\/\/www.gereso.com\/actualites\/","name":"Le Blog GERESO","description":"Toute l&#039;actu RH, Finance, Fonction Publique, Management...","potentialAction":[{"@type":"SearchAction","target":{"@type":"EntryPoint","urlTemplate":"https:\/\/www.gereso.com\/actualites\/?s={search_term_string}"},"query-input":{"@type":"PropertyValueSpecification","valueRequired":true,"valueName":"search_term_string"}}],"inLanguage":"fr-FR"},{"@type":"Person","@id":"https:\/\/www.gereso.com\/actualites\/#\/schema\/person\/74853d141382f3563939c9e96dcdc2ce","name":"Gwendoline Aubourg","image":{"@type":"ImageObject","inLanguage":"fr-FR","@id":"https:\/\/www.gereso.com\/actualites\/#\/schema\/person\/image\/","url":"https:\/\/www.gereso.com\/actualites\/wp-content\/uploads\/2016\/10\/GwendolineAubourg-1-144x144.jpg","contentUrl":"https:\/\/www.gereso.com\/actualites\/wp-content\/uploads\/2016\/10\/GwendolineAubourg-1-144x144.jpg","caption":"Gwendoline Aubourg"},"description":"Juriste, dipl\u00f4m\u00e9e en droit social de la Facult\u00e9 des sciences juridiques, politiques et sociales de Lille, r\u00e9dactrice RH et auteure de nombreux ouvrages sur les th\u00e8mes du droit du travail et des droits du consommateurs.","url":"https:\/\/www.gereso.com\/actualites\/author\/g-aubourg\/"}]}},"_links":{"self":[{"href":"https:\/\/www.gereso.com\/actualites\/wp-json\/wp\/v2\/posts\/9955","targetHints":{"allow":["GET"]}}],"collection":[{"href":"https:\/\/www.gereso.com\/actualites\/wp-json\/wp\/v2\/posts"}],"about":[{"href":"https:\/\/www.gereso.com\/actualites\/wp-json\/wp\/v2\/types\/post"}],"author":[{"embeddable":true,"href":"https:\/\/www.gereso.com\/actualites\/wp-json\/wp\/v2\/users\/44"}],"replies":[{"embeddable":true,"href":"https:\/\/www.gereso.com\/actualites\/wp-json\/wp\/v2\/comments?post=9955"}],"version-history":[{"count":3,"href":"https:\/\/www.gereso.com\/actualites\/wp-json\/wp\/v2\/posts\/9955\/revisions"}],"predecessor-version":[{"id":9959,"href":"https:\/\/www.gereso.com\/actualites\/wp-json\/wp\/v2\/posts\/9955\/revisions\/9959"}],"wp:featuredmedia":[{"embeddable":true,"href":"https:\/\/www.gereso.com\/actualites\/wp-json\/wp\/v2\/media\/9958"}],"wp:attachment":[{"href":"https:\/\/www.gereso.com\/actualites\/wp-json\/wp\/v2\/media?parent=9955"}],"wp:term":[{"taxonomy":"category","embeddable":true,"href":"https:\/\/www.gereso.com\/actualites\/wp-json\/wp\/v2\/categories?post=9955"},{"taxonomy":"post_tag","embeddable":true,"href":"https:\/\/www.gereso.com\/actualites\/wp-json\/wp\/v2\/tags?post=9955"}],"curies":[{"name":"wp","href":"https:\/\/api.w.org\/{rel}","templated":true}]}}