{"id":100,"name":"Yohann Mairey","url":"","description":"Yohann Mairey est juriste en droit de l\u2019entreprise, et r\u00e9dacteur sp\u00e9cialis\u00e9 dans les domaines juridique et financier. Fort d\u2019une exp\u00e9rience dans le secteur de l\u2019assurance et du conseil, il traite avec rigueur des sujets tels que la retraite, la protection sociale, le droit du travail ou encore la gestion du patrimoine professionnel.","link":"https:\/\/www.gereso.com\/actualites\/author\/y-mairey\/","slug":"y-mairey","avatar_urls":{"24":"https:\/\/www.gereso.com\/actualites\/wp-content\/uploads\/2025\/06\/yohann-mairey-120x120.jpg","48":"https:\/\/www.gereso.com\/actualites\/wp-content\/uploads\/2025\/06\/yohann-mairey-120x120.jpg","96":"https:\/\/www.gereso.com\/actualites\/wp-content\/uploads\/2025\/06\/yohann-mairey-120x120.jpg"},"meta":[],"acf":[],"yoast_head":"<!-- This site is optimized with the Yoast SEO plugin v23.4 - https:\/\/yoast.com\/wordpress\/plugins\/seo\/ -->\n<title>Yohann Mairey, Author at Le Blog GERESO<\/title>\n<meta name=\"robots\" content=\"index, follow, max-snippet:-1, max-image-preview:large, max-video-preview:-1\" \/>\n<link rel=\"canonical\" href=\"https:\/\/www.gereso.com\/actualites\/author\/y-mairey\/\" \/>\n<meta property=\"og:locale\" content=\"fr_FR\" \/>\n<meta property=\"og:type\" content=\"profile\" \/>\n<meta property=\"og:title\" content=\"Yohann Mairey, Author at Le Blog GERESO\" \/>\n<meta property=\"og:url\" content=\"https:\/\/www.gereso.com\/actualites\/author\/y-mairey\/\" \/>\n<meta property=\"og:site_name\" content=\"Le Blog GERESO\" \/>\n<meta property=\"og:image\" content=\"https:\/\/www.gereso.com\/actualites\/wp-content\/uploads\/2025\/06\/yohann-mairey.jpg\" \/>\n\t<meta property=\"og:image:width\" content=\"500\" \/>\n\t<meta property=\"og:image:height\" content=\"500\" \/>\n\t<meta property=\"og:image:type\" content=\"image\/jpeg\" \/>\n<meta name=\"twitter:card\" content=\"summary_large_image\" \/>\n<script type=\"application\/ld+json\" class=\"yoast-schema-graph\">{\"@context\":\"https:\/\/schema.org\",\"@graph\":[{\"@type\":\"ProfilePage\",\"@id\":\"https:\/\/www.gereso.com\/actualites\/author\/y-mairey\/\",\"url\":\"https:\/\/www.gereso.com\/actualites\/author\/y-mairey\/\",\"name\":\"Yohann Mairey, Author at Le Blog GERESO\",\"isPartOf\":{\"@id\":\"https:\/\/www.gereso.com\/actualites\/#website\"},\"breadcrumb\":{\"@id\":\"https:\/\/www.gereso.com\/actualites\/author\/y-mairey\/#breadcrumb\"},\"inLanguage\":\"fr-FR\",\"potentialAction\":[{\"@type\":\"ReadAction\",\"target\":[\"https:\/\/www.gereso.com\/actualites\/author\/y-mairey\/\"]}]},{\"@type\":\"BreadcrumbList\",\"@id\":\"https:\/\/www.gereso.com\/actualites\/author\/y-mairey\/#breadcrumb\",\"itemListElement\":[{\"@type\":\"ListItem\",\"position\":1,\"name\":\"Home\",\"item\":\"https:\/\/www.gereso.com\/actualites\/\"},{\"@type\":\"ListItem\",\"position\":2,\"name\":\"Archives for Yohann Mairey\"}]},{\"@type\":\"WebSite\",\"@id\":\"https:\/\/www.gereso.com\/actualites\/#website\",\"url\":\"https:\/\/www.gereso.com\/actualites\/\",\"name\":\"Le Blog GERESO\",\"description\":\"Toute l&#039;actu RH, Finance, Fonction Publique, Management...\",\"potentialAction\":[{\"@type\":\"SearchAction\",\"target\":{\"@type\":\"EntryPoint\",\"urlTemplate\":\"https:\/\/www.gereso.com\/actualites\/?s={search_term_string}\"},\"query-input\":{\"@type\":\"PropertyValueSpecification\",\"valueRequired\":true,\"valueName\":\"search_term_string\"}}],\"inLanguage\":\"fr-FR\"},{\"@type\":\"Person\",\"@id\":\"https:\/\/www.gereso.com\/actualites\/#\/schema\/person\/d7bc011572d2a62285517458e4124cbe\",\"name\":\"Yohann Mairey\",\"image\":{\"@type\":\"ImageObject\",\"inLanguage\":\"fr-FR\",\"@id\":\"https:\/\/www.gereso.com\/actualites\/#\/schema\/person\/image\/\",\"url\":\"https:\/\/www.gereso.com\/actualites\/wp-content\/uploads\/2025\/06\/yohann-mairey-120x120.jpg\",\"contentUrl\":\"https:\/\/www.gereso.com\/actualites\/wp-content\/uploads\/2025\/06\/yohann-mairey-120x120.jpg\",\"caption\":\"Yohann Mairey\"},\"description\":\"Yohann Mairey est juriste en droit de l\u2019entreprise, et r\u00e9dacteur sp\u00e9cialis\u00e9 dans les domaines juridique et financier. Fort d\u2019une exp\u00e9rience dans le secteur de l\u2019assurance et du conseil, il traite avec rigueur des sujets tels que la retraite, la protection sociale, le droit du travail ou encore la gestion du patrimoine professionnel.\",\"mainEntityOfPage\":{\"@id\":\"https:\/\/www.gereso.com\/actualites\/author\/y-mairey\/\"}}]}<\/script>\n<!-- \/ Yoast SEO plugin. -->","yoast_head_json":{"title":"Yohann Mairey, Author at Le Blog GERESO","robots":{"index":"index","follow":"follow","max-snippet":"max-snippet:-1","max-image-preview":"max-image-preview:large","max-video-preview":"max-video-preview:-1"},"canonical":"https:\/\/www.gereso.com\/actualites\/author\/y-mairey\/","og_locale":"fr_FR","og_type":"profile","og_title":"Yohann Mairey, Author at Le Blog GERESO","og_url":"https:\/\/www.gereso.com\/actualites\/author\/y-mairey\/","og_site_name":"Le Blog GERESO","og_image":[{"width":500,"height":500,"url":"https:\/\/www.gereso.com\/actualites\/wp-content\/uploads\/2025\/06\/yohann-mairey.jpg","type":"image\/jpeg"}],"twitter_card":"summary_large_image","schema":{"@context":"https:\/\/schema.org","@graph":[{"@type":"ProfilePage","@id":"https:\/\/www.gereso.com\/actualites\/author\/y-mairey\/","url":"https:\/\/www.gereso.com\/actualites\/author\/y-mairey\/","name":"Yohann Mairey, Author at Le Blog GERESO","isPartOf":{"@id":"https:\/\/www.gereso.com\/actualites\/#website"},"breadcrumb":{"@id":"https:\/\/www.gereso.com\/actualites\/author\/y-mairey\/#breadcrumb"},"inLanguage":"fr-FR","potentialAction":[{"@type":"ReadAction","target":["https:\/\/www.gereso.com\/actualites\/author\/y-mairey\/"]}]},{"@type":"BreadcrumbList","@id":"https:\/\/www.gereso.com\/actualites\/author\/y-mairey\/#breadcrumb","itemListElement":[{"@type":"ListItem","position":1,"name":"Home","item":"https:\/\/www.gereso.com\/actualites\/"},{"@type":"ListItem","position":2,"name":"Archives for Yohann Mairey"}]},{"@type":"WebSite","@id":"https:\/\/www.gereso.com\/actualites\/#website","url":"https:\/\/www.gereso.com\/actualites\/","name":"Le Blog GERESO","description":"Toute l&#039;actu RH, Finance, Fonction Publique, Management...","potentialAction":[{"@type":"SearchAction","target":{"@type":"EntryPoint","urlTemplate":"https:\/\/www.gereso.com\/actualites\/?s={search_term_string}"},"query-input":{"@type":"PropertyValueSpecification","valueRequired":true,"valueName":"search_term_string"}}],"inLanguage":"fr-FR"},{"@type":"Person","@id":"https:\/\/www.gereso.com\/actualites\/#\/schema\/person\/d7bc011572d2a62285517458e4124cbe","name":"Yohann Mairey","image":{"@type":"ImageObject","inLanguage":"fr-FR","@id":"https:\/\/www.gereso.com\/actualites\/#\/schema\/person\/image\/","url":"https:\/\/www.gereso.com\/actualites\/wp-content\/uploads\/2025\/06\/yohann-mairey-120x120.jpg","contentUrl":"https:\/\/www.gereso.com\/actualites\/wp-content\/uploads\/2025\/06\/yohann-mairey-120x120.jpg","caption":"Yohann Mairey"},"description":"Yohann Mairey est juriste en droit de l\u2019entreprise, et r\u00e9dacteur sp\u00e9cialis\u00e9 dans les domaines juridique et financier. Fort d\u2019une exp\u00e9rience dans le secteur de l\u2019assurance et du conseil, il traite avec rigueur des sujets tels que la retraite, la protection sociale, le droit du travail ou encore la gestion du patrimoine professionnel.","mainEntityOfPage":{"@id":"https:\/\/www.gereso.com\/actualites\/author\/y-mairey\/"}}]}},"_links":{"self":[{"href":"https:\/\/www.gereso.com\/actualites\/wp-json\/wp\/v2\/users\/100","targetHints":{"allow":["GET"]}}],"collection":[{"href":"https:\/\/www.gereso.com\/actualites\/wp-json\/wp\/v2\/users"}]}}