{"id":23,"name":"Nadine Egault","url":"","description":"Nadine EGAULT est consultante en retraite et protection sociale depuis 1989. Elle anime des formations inter et intra-entreprises sur les th\u00e8mes de la retraite des salari\u00e9s du secteur priv\u00e9, la retraite des expatri\u00e9s, les prestations de la s\u00e9curit\u00e9 sociale. Elle r\u00e9alise \u00e9galement des missions de conseil dans le domaine des retraites du secteur priv\u00e9 : bilans retraite individuels, rachat de trimestres, p\u00e9riodes d'activit\u00e9 \u00e0 l'\u00e9tranger...","link":"https:\/\/www.gereso.com\/actualites\/author\/n-egault\/","slug":"n-egault","avatar_urls":{"24":"https:\/\/www.gereso.com\/actualites\/wp-content\/uploads\/2012\/09\/nadine-egault-1-144x144.jpg","48":"https:\/\/www.gereso.com\/actualites\/wp-content\/uploads\/2012\/09\/nadine-egault-1-144x144.jpg","96":"https:\/\/www.gereso.com\/actualites\/wp-content\/uploads\/2012\/09\/nadine-egault-1-144x144.jpg"},"meta":[],"acf":[],"yoast_head":"<!-- This site is optimized with the Yoast SEO plugin v23.4 - https:\/\/yoast.com\/wordpress\/plugins\/seo\/ -->\n<title>Nadine Egault, Author at Le Blog GERESO<\/title>\n<meta name=\"robots\" content=\"index, follow, max-snippet:-1, max-image-preview:large, max-video-preview:-1\" \/>\n<link rel=\"canonical\" href=\"https:\/\/www.gereso.com\/actualites\/author\/n-egault\/\" \/>\n<meta property=\"og:locale\" content=\"fr_FR\" \/>\n<meta property=\"og:type\" content=\"profile\" \/>\n<meta property=\"og:title\" content=\"Nadine Egault, Author at Le Blog GERESO\" \/>\n<meta property=\"og:url\" content=\"https:\/\/www.gereso.com\/actualites\/author\/n-egault\/\" \/>\n<meta property=\"og:site_name\" content=\"Le Blog GERESO\" \/>\n<meta property=\"og:image\" content=\"https:\/\/www.gereso.com\/actualites\/wp-content\/uploads\/2012\/09\/nadine-egault-1.jpg\" \/>\n\t<meta property=\"og:image:width\" content=\"147\" \/>\n\t<meta property=\"og:image:height\" content=\"147\" \/>\n\t<meta property=\"og:image:type\" content=\"image\/jpeg\" \/>\n<meta name=\"twitter:card\" content=\"summary_large_image\" \/>\n<script type=\"application\/ld+json\" class=\"yoast-schema-graph\">{\"@context\":\"https:\/\/schema.org\",\"@graph\":[{\"@type\":\"ProfilePage\",\"@id\":\"https:\/\/www.gereso.com\/actualites\/author\/n-egault\/\",\"url\":\"https:\/\/www.gereso.com\/actualites\/author\/n-egault\/\",\"name\":\"Nadine Egault, Author at Le Blog GERESO\",\"isPartOf\":{\"@id\":\"https:\/\/www.gereso.com\/actualites\/#website\"},\"breadcrumb\":{\"@id\":\"https:\/\/www.gereso.com\/actualites\/author\/n-egault\/#breadcrumb\"},\"inLanguage\":\"fr-FR\",\"potentialAction\":[{\"@type\":\"ReadAction\",\"target\":[\"https:\/\/www.gereso.com\/actualites\/author\/n-egault\/\"]}]},{\"@type\":\"BreadcrumbList\",\"@id\":\"https:\/\/www.gereso.com\/actualites\/author\/n-egault\/#breadcrumb\",\"itemListElement\":[{\"@type\":\"ListItem\",\"position\":1,\"name\":\"Home\",\"item\":\"https:\/\/www.gereso.com\/actualites\/\"},{\"@type\":\"ListItem\",\"position\":2,\"name\":\"Archives for Nadine Egault\"}]},{\"@type\":\"WebSite\",\"@id\":\"https:\/\/www.gereso.com\/actualites\/#website\",\"url\":\"https:\/\/www.gereso.com\/actualites\/\",\"name\":\"Le Blog GERESO\",\"description\":\"Toute l&#039;actu RH, Finance, Fonction Publique, Management...\",\"potentialAction\":[{\"@type\":\"SearchAction\",\"target\":{\"@type\":\"EntryPoint\",\"urlTemplate\":\"https:\/\/www.gereso.com\/actualites\/?s={search_term_string}\"},\"query-input\":{\"@type\":\"PropertyValueSpecification\",\"valueRequired\":true,\"valueName\":\"search_term_string\"}}],\"inLanguage\":\"fr-FR\"},{\"@type\":\"Person\",\"@id\":\"https:\/\/www.gereso.com\/actualites\/#\/schema\/person\/22a81049f02e79edac82a447ec9c74ee\",\"name\":\"Nadine Egault\",\"image\":{\"@type\":\"ImageObject\",\"inLanguage\":\"fr-FR\",\"@id\":\"https:\/\/www.gereso.com\/actualites\/#\/schema\/person\/image\/\",\"url\":\"https:\/\/www.gereso.com\/actualites\/wp-content\/uploads\/2012\/09\/nadine-egault-1-144x144.jpg\",\"contentUrl\":\"https:\/\/www.gereso.com\/actualites\/wp-content\/uploads\/2012\/09\/nadine-egault-1-144x144.jpg\",\"caption\":\"Nadine Egault\"},\"description\":\"Nadine EGAULT est consultante en retraite et protection sociale depuis 1989. Elle anime des formations inter et intra-entreprises sur les th\u00e8mes de la retraite des salari\u00e9s du secteur priv\u00e9, la retraite des expatri\u00e9s, les prestations de la s\u00e9curit\u00e9 sociale. Elle r\u00e9alise \u00e9galement des missions de conseil dans le domaine des retraites du secteur priv\u00e9 : bilans retraite individuels, rachat de trimestres, p\u00e9riodes d'activit\u00e9 \u00e0 l'\u00e9tranger...\",\"mainEntityOfPage\":{\"@id\":\"https:\/\/www.gereso.com\/actualites\/author\/n-egault\/\"}}]}<\/script>\n<!-- \/ Yoast SEO plugin. -->","yoast_head_json":{"title":"Nadine Egault, Author at Le Blog GERESO","robots":{"index":"index","follow":"follow","max-snippet":"max-snippet:-1","max-image-preview":"max-image-preview:large","max-video-preview":"max-video-preview:-1"},"canonical":"https:\/\/www.gereso.com\/actualites\/author\/n-egault\/","og_locale":"fr_FR","og_type":"profile","og_title":"Nadine Egault, Author at Le Blog GERESO","og_url":"https:\/\/www.gereso.com\/actualites\/author\/n-egault\/","og_site_name":"Le Blog GERESO","og_image":[{"width":147,"height":147,"url":"https:\/\/www.gereso.com\/actualites\/wp-content\/uploads\/2012\/09\/nadine-egault-1.jpg","type":"image\/jpeg"}],"twitter_card":"summary_large_image","schema":{"@context":"https:\/\/schema.org","@graph":[{"@type":"ProfilePage","@id":"https:\/\/www.gereso.com\/actualites\/author\/n-egault\/","url":"https:\/\/www.gereso.com\/actualites\/author\/n-egault\/","name":"Nadine Egault, Author at Le Blog GERESO","isPartOf":{"@id":"https:\/\/www.gereso.com\/actualites\/#website"},"breadcrumb":{"@id":"https:\/\/www.gereso.com\/actualites\/author\/n-egault\/#breadcrumb"},"inLanguage":"fr-FR","potentialAction":[{"@type":"ReadAction","target":["https:\/\/www.gereso.com\/actualites\/author\/n-egault\/"]}]},{"@type":"BreadcrumbList","@id":"https:\/\/www.gereso.com\/actualites\/author\/n-egault\/#breadcrumb","itemListElement":[{"@type":"ListItem","position":1,"name":"Home","item":"https:\/\/www.gereso.com\/actualites\/"},{"@type":"ListItem","position":2,"name":"Archives for Nadine Egault"}]},{"@type":"WebSite","@id":"https:\/\/www.gereso.com\/actualites\/#website","url":"https:\/\/www.gereso.com\/actualites\/","name":"Le Blog GERESO","description":"Toute l&#039;actu RH, Finance, Fonction Publique, Management...","potentialAction":[{"@type":"SearchAction","target":{"@type":"EntryPoint","urlTemplate":"https:\/\/www.gereso.com\/actualites\/?s={search_term_string}"},"query-input":{"@type":"PropertyValueSpecification","valueRequired":true,"valueName":"search_term_string"}}],"inLanguage":"fr-FR"},{"@type":"Person","@id":"https:\/\/www.gereso.com\/actualites\/#\/schema\/person\/22a81049f02e79edac82a447ec9c74ee","name":"Nadine Egault","image":{"@type":"ImageObject","inLanguage":"fr-FR","@id":"https:\/\/www.gereso.com\/actualites\/#\/schema\/person\/image\/","url":"https:\/\/www.gereso.com\/actualites\/wp-content\/uploads\/2012\/09\/nadine-egault-1-144x144.jpg","contentUrl":"https:\/\/www.gereso.com\/actualites\/wp-content\/uploads\/2012\/09\/nadine-egault-1-144x144.jpg","caption":"Nadine Egault"},"description":"Nadine EGAULT est consultante en retraite et protection sociale depuis 1989. Elle anime des formations inter et intra-entreprises sur les th\u00e8mes de la retraite des salari\u00e9s du secteur priv\u00e9, la retraite des expatri\u00e9s, les prestations de la s\u00e9curit\u00e9 sociale. Elle r\u00e9alise \u00e9galement des missions de conseil dans le domaine des retraites du secteur priv\u00e9 : bilans retraite individuels, rachat de trimestres, p\u00e9riodes d'activit\u00e9 \u00e0 l'\u00e9tranger...","mainEntityOfPage":{"@id":"https:\/\/www.gereso.com\/actualites\/author\/n-egault\/"}}]}},"_links":{"self":[{"href":"https:\/\/www.gereso.com\/actualites\/wp-json\/wp\/v2\/users\/23","targetHints":{"allow":["GET"]}}],"collection":[{"href":"https:\/\/www.gereso.com\/actualites\/wp-json\/wp\/v2\/users"}]}}