{"id":46,"name":"St\u00e9phanie Abellard","url":"","description":"St\u00e9phanie Abellard est avocate sp\u00e9cialis\u00e9e en droit social, droit des affaires et droit p\u00e9nal. Elle intervient r\u00e9guli\u00e8rement en tant que consultante formatrice au sein d'entreprises, de f\u00e9d\u00e9rations ou d'associations. Elle a \u00e9t\u00e9 charg\u00e9e de cours de droit social \u00e0 l\u2019Universit\u00e9 Paris 1 Sorbonne et dispense des cours au CNAM.","link":"https:\/\/www.gereso.com\/actualites\/author\/s-abellard\/","slug":"s-abellard","avatar_urls":{"24":"https:\/\/www.gereso.com\/actualites\/wp-content\/uploads\/2016\/03\/stephanie-abellard.jpg","48":"https:\/\/www.gereso.com\/actualites\/wp-content\/uploads\/2016\/03\/stephanie-abellard.jpg","96":"https:\/\/www.gereso.com\/actualites\/wp-content\/uploads\/2016\/03\/stephanie-abellard.jpg"},"meta":[],"acf":[],"yoast_head":"<!-- This site is optimized with the Yoast SEO plugin v23.4 - https:\/\/yoast.com\/wordpress\/plugins\/seo\/ -->\n<title>St\u00e9phanie Abellard, Author at Le Blog GERESO<\/title>\n<meta name=\"robots\" content=\"index, follow, max-snippet:-1, max-image-preview:large, max-video-preview:-1\" \/>\n<link rel=\"canonical\" href=\"https:\/\/www.gereso.com\/actualites\/author\/s-abellard\/\" \/>\n<meta property=\"og:locale\" content=\"fr_FR\" \/>\n<meta property=\"og:type\" content=\"profile\" \/>\n<meta property=\"og:title\" content=\"St\u00e9phanie Abellard, Author at Le Blog GERESO\" \/>\n<meta property=\"og:url\" content=\"https:\/\/www.gereso.com\/actualites\/author\/s-abellard\/\" \/>\n<meta property=\"og:site_name\" content=\"Le Blog GERESO\" \/>\n<meta property=\"og:image\" content=\"https:\/\/www.gereso.com\/actualites\/wp-content\/uploads\/2016\/03\/stephanie-abellard.jpg\" \/>\n\t<meta property=\"og:image:width\" content=\"140\" \/>\n\t<meta property=\"og:image:height\" content=\"137\" \/>\n\t<meta property=\"og:image:type\" content=\"image\/jpeg\" \/>\n<meta name=\"twitter:card\" content=\"summary_large_image\" \/>\n<script type=\"application\/ld+json\" class=\"yoast-schema-graph\">{\"@context\":\"https:\/\/schema.org\",\"@graph\":[{\"@type\":\"ProfilePage\",\"@id\":\"https:\/\/www.gereso.com\/actualites\/author\/s-abellard\/\",\"url\":\"https:\/\/www.gereso.com\/actualites\/author\/s-abellard\/\",\"name\":\"St\u00e9phanie Abellard, Author at Le Blog GERESO\",\"isPartOf\":{\"@id\":\"https:\/\/www.gereso.com\/actualites\/#website\"},\"breadcrumb\":{\"@id\":\"https:\/\/www.gereso.com\/actualites\/author\/s-abellard\/#breadcrumb\"},\"inLanguage\":\"fr-FR\",\"potentialAction\":[{\"@type\":\"ReadAction\",\"target\":[\"https:\/\/www.gereso.com\/actualites\/author\/s-abellard\/\"]}]},{\"@type\":\"BreadcrumbList\",\"@id\":\"https:\/\/www.gereso.com\/actualites\/author\/s-abellard\/#breadcrumb\",\"itemListElement\":[{\"@type\":\"ListItem\",\"position\":1,\"name\":\"Home\",\"item\":\"https:\/\/www.gereso.com\/actualites\/\"},{\"@type\":\"ListItem\",\"position\":2,\"name\":\"Archives for St\u00e9phanie Abellard\"}]},{\"@type\":\"WebSite\",\"@id\":\"https:\/\/www.gereso.com\/actualites\/#website\",\"url\":\"https:\/\/www.gereso.com\/actualites\/\",\"name\":\"Le Blog GERESO\",\"description\":\"Toute l&#039;actu RH, Finance, Fonction Publique, Management...\",\"potentialAction\":[{\"@type\":\"SearchAction\",\"target\":{\"@type\":\"EntryPoint\",\"urlTemplate\":\"https:\/\/www.gereso.com\/actualites\/?s={search_term_string}\"},\"query-input\":{\"@type\":\"PropertyValueSpecification\",\"valueRequired\":true,\"valueName\":\"search_term_string\"}}],\"inLanguage\":\"fr-FR\"},{\"@type\":\"Person\",\"@id\":\"https:\/\/www.gereso.com\/actualites\/#\/schema\/person\/4f885a5646afd66d0de2d7f5fab6db33\",\"name\":\"St\u00e9phanie Abellard\",\"image\":{\"@type\":\"ImageObject\",\"inLanguage\":\"fr-FR\",\"@id\":\"https:\/\/www.gereso.com\/actualites\/#\/schema\/person\/image\/\",\"url\":\"https:\/\/www.gereso.com\/actualites\/wp-content\/uploads\/2016\/03\/stephanie-abellard.jpg\",\"contentUrl\":\"https:\/\/www.gereso.com\/actualites\/wp-content\/uploads\/2016\/03\/stephanie-abellard.jpg\",\"caption\":\"St\u00e9phanie Abellard\"},\"description\":\"St\u00e9phanie Abellard est avocate sp\u00e9cialis\u00e9e en droit social, droit des affaires et droit p\u00e9nal. Elle intervient r\u00e9guli\u00e8rement en tant que consultante formatrice au sein d'entreprises, de f\u00e9d\u00e9rations ou d'associations. Elle a \u00e9t\u00e9 charg\u00e9e de cours de droit social \u00e0 l\u2019Universit\u00e9 Paris 1 Sorbonne et dispense des cours au CNAM.\",\"mainEntityOfPage\":{\"@id\":\"https:\/\/www.gereso.com\/actualites\/author\/s-abellard\/\"}}]}<\/script>\n<!-- \/ Yoast SEO plugin. -->","yoast_head_json":{"title":"St\u00e9phanie Abellard, Author at Le Blog GERESO","robots":{"index":"index","follow":"follow","max-snippet":"max-snippet:-1","max-image-preview":"max-image-preview:large","max-video-preview":"max-video-preview:-1"},"canonical":"https:\/\/www.gereso.com\/actualites\/author\/s-abellard\/","og_locale":"fr_FR","og_type":"profile","og_title":"St\u00e9phanie Abellard, Author at Le Blog GERESO","og_url":"https:\/\/www.gereso.com\/actualites\/author\/s-abellard\/","og_site_name":"Le Blog GERESO","og_image":[{"width":140,"height":137,"url":"https:\/\/www.gereso.com\/actualites\/wp-content\/uploads\/2016\/03\/stephanie-abellard.jpg","type":"image\/jpeg"}],"twitter_card":"summary_large_image","schema":{"@context":"https:\/\/schema.org","@graph":[{"@type":"ProfilePage","@id":"https:\/\/www.gereso.com\/actualites\/author\/s-abellard\/","url":"https:\/\/www.gereso.com\/actualites\/author\/s-abellard\/","name":"St\u00e9phanie Abellard, Author at Le Blog GERESO","isPartOf":{"@id":"https:\/\/www.gereso.com\/actualites\/#website"},"breadcrumb":{"@id":"https:\/\/www.gereso.com\/actualites\/author\/s-abellard\/#breadcrumb"},"inLanguage":"fr-FR","potentialAction":[{"@type":"ReadAction","target":["https:\/\/www.gereso.com\/actualites\/author\/s-abellard\/"]}]},{"@type":"BreadcrumbList","@id":"https:\/\/www.gereso.com\/actualites\/author\/s-abellard\/#breadcrumb","itemListElement":[{"@type":"ListItem","position":1,"name":"Home","item":"https:\/\/www.gereso.com\/actualites\/"},{"@type":"ListItem","position":2,"name":"Archives for St\u00e9phanie Abellard"}]},{"@type":"WebSite","@id":"https:\/\/www.gereso.com\/actualites\/#website","url":"https:\/\/www.gereso.com\/actualites\/","name":"Le Blog GERESO","description":"Toute l&#039;actu RH, Finance, Fonction Publique, Management...","potentialAction":[{"@type":"SearchAction","target":{"@type":"EntryPoint","urlTemplate":"https:\/\/www.gereso.com\/actualites\/?s={search_term_string}"},"query-input":{"@type":"PropertyValueSpecification","valueRequired":true,"valueName":"search_term_string"}}],"inLanguage":"fr-FR"},{"@type":"Person","@id":"https:\/\/www.gereso.com\/actualites\/#\/schema\/person\/4f885a5646afd66d0de2d7f5fab6db33","name":"St\u00e9phanie Abellard","image":{"@type":"ImageObject","inLanguage":"fr-FR","@id":"https:\/\/www.gereso.com\/actualites\/#\/schema\/person\/image\/","url":"https:\/\/www.gereso.com\/actualites\/wp-content\/uploads\/2016\/03\/stephanie-abellard.jpg","contentUrl":"https:\/\/www.gereso.com\/actualites\/wp-content\/uploads\/2016\/03\/stephanie-abellard.jpg","caption":"St\u00e9phanie Abellard"},"description":"St\u00e9phanie Abellard est avocate sp\u00e9cialis\u00e9e en droit social, droit des affaires et droit p\u00e9nal. Elle intervient r\u00e9guli\u00e8rement en tant que consultante formatrice au sein d'entreprises, de f\u00e9d\u00e9rations ou d'associations. Elle a \u00e9t\u00e9 charg\u00e9e de cours de droit social \u00e0 l\u2019Universit\u00e9 Paris 1 Sorbonne et dispense des cours au CNAM.","mainEntityOfPage":{"@id":"https:\/\/www.gereso.com\/actualites\/author\/s-abellard\/"}}]}},"_links":{"self":[{"href":"https:\/\/www.gereso.com\/actualites\/wp-json\/wp\/v2\/users\/46","targetHints":{"allow":["GET"]}}],"collection":[{"href":"https:\/\/www.gereso.com\/actualites\/wp-json\/wp\/v2\/users"}]}}