{"id":73,"name":"\u00c9milie Hautefort","url":"","description":"Titulaire du Mast\u00e8re \u00ab Directeur des Ressources Humaines \u00bb de l\u2019ESSEC, \u00c9milie exerce en Ressources Humaines depuis 20 ans dans des secteurs vari\u00e9s, aussi bien au sein de PME que de grands groupes internationaux. Tour \u00e0 tour g\u00e9n\u00e9raliste et sp\u00e9cialiste en d\u00e9veloppement des hommes, elle accompagne les entreprises dans leurs enjeux de d\u00e9veloppement RH, d\u2019innovation manag\u00e9riale et de conduite des transformations.","link":"https:\/\/www.gereso.com\/actualites\/author\/e-hautefort\/","slug":"e-hautefort","avatar_urls":{"24":"https:\/\/www.gereso.com\/actualites\/wp-content\/uploads\/2019\/07\/Emilie-Hautefort-144x144.jpg","48":"https:\/\/www.gereso.com\/actualites\/wp-content\/uploads\/2019\/07\/Emilie-Hautefort-144x144.jpg","96":"https:\/\/www.gereso.com\/actualites\/wp-content\/uploads\/2019\/07\/Emilie-Hautefort-144x144.jpg"},"meta":[],"acf":[],"yoast_head":"<!-- This site is optimized with the Yoast SEO plugin v23.4 - https:\/\/yoast.com\/wordpress\/plugins\/seo\/ -->\n<title>\u00c9milie Hautefort, Author at Le Blog GERESO<\/title>\n<meta name=\"robots\" content=\"index, follow, max-snippet:-1, max-image-preview:large, max-video-preview:-1\" \/>\n<link rel=\"canonical\" href=\"https:\/\/www.gereso.com\/actualites\/author\/e-hautefort\/\" \/>\n<meta property=\"og:locale\" content=\"fr_FR\" \/>\n<meta property=\"og:type\" content=\"profile\" \/>\n<meta property=\"og:title\" content=\"\u00c9milie Hautefort, Author at Le Blog GERESO\" \/>\n<meta property=\"og:url\" content=\"https:\/\/www.gereso.com\/actualites\/author\/e-hautefort\/\" \/>\n<meta property=\"og:site_name\" content=\"Le Blog GERESO\" \/>\n<meta property=\"og:image\" content=\"https:\/\/www.gereso.com\/actualites\/wp-content\/uploads\/2019\/07\/Emilie-Hautefort.jpg\" \/>\n\t<meta property=\"og:image:width\" content=\"235\" \/>\n\t<meta property=\"og:image:height\" content=\"320\" \/>\n\t<meta property=\"og:image:type\" content=\"image\/jpeg\" \/>\n<meta name=\"twitter:card\" content=\"summary_large_image\" \/>\n<script type=\"application\/ld+json\" class=\"yoast-schema-graph\">{\"@context\":\"https:\/\/schema.org\",\"@graph\":[{\"@type\":\"ProfilePage\",\"@id\":\"https:\/\/www.gereso.com\/actualites\/author\/e-hautefort\/\",\"url\":\"https:\/\/www.gereso.com\/actualites\/author\/e-hautefort\/\",\"name\":\"\u00c9milie Hautefort, Author at Le Blog GERESO\",\"isPartOf\":{\"@id\":\"https:\/\/www.gereso.com\/actualites\/#website\"},\"breadcrumb\":{\"@id\":\"https:\/\/www.gereso.com\/actualites\/author\/e-hautefort\/#breadcrumb\"},\"inLanguage\":\"fr-FR\",\"potentialAction\":[{\"@type\":\"ReadAction\",\"target\":[\"https:\/\/www.gereso.com\/actualites\/author\/e-hautefort\/\"]}]},{\"@type\":\"BreadcrumbList\",\"@id\":\"https:\/\/www.gereso.com\/actualites\/author\/e-hautefort\/#breadcrumb\",\"itemListElement\":[{\"@type\":\"ListItem\",\"position\":1,\"name\":\"Home\",\"item\":\"https:\/\/www.gereso.com\/actualites\/\"},{\"@type\":\"ListItem\",\"position\":2,\"name\":\"Archives for \u00c9milie Hautefort\"}]},{\"@type\":\"WebSite\",\"@id\":\"https:\/\/www.gereso.com\/actualites\/#website\",\"url\":\"https:\/\/www.gereso.com\/actualites\/\",\"name\":\"Le Blog GERESO\",\"description\":\"Toute l&#039;actu RH, Finance, Fonction Publique, Management...\",\"potentialAction\":[{\"@type\":\"SearchAction\",\"target\":{\"@type\":\"EntryPoint\",\"urlTemplate\":\"https:\/\/www.gereso.com\/actualites\/?s={search_term_string}\"},\"query-input\":{\"@type\":\"PropertyValueSpecification\",\"valueRequired\":true,\"valueName\":\"search_term_string\"}}],\"inLanguage\":\"fr-FR\"},{\"@type\":\"Person\",\"@id\":\"https:\/\/www.gereso.com\/actualites\/#\/schema\/person\/08acef1d5070e9320fb97b810e55df80\",\"name\":\"\u00c9milie Hautefort\",\"image\":{\"@type\":\"ImageObject\",\"inLanguage\":\"fr-FR\",\"@id\":\"https:\/\/www.gereso.com\/actualites\/#\/schema\/person\/image\/\",\"url\":\"https:\/\/www.gereso.com\/actualites\/wp-content\/uploads\/2019\/07\/Emilie-Hautefort-144x144.jpg\",\"contentUrl\":\"https:\/\/www.gereso.com\/actualites\/wp-content\/uploads\/2019\/07\/Emilie-Hautefort-144x144.jpg\",\"caption\":\"\u00c9milie Hautefort\"},\"description\":\"Titulaire du Mast\u00e8re \u00ab Directeur des Ressources Humaines \u00bb de l\u2019ESSEC, \u00c9milie exerce en Ressources Humaines depuis 20 ans dans des secteurs vari\u00e9s, aussi bien au sein de PME que de grands groupes internationaux. Tour \u00e0 tour g\u00e9n\u00e9raliste et sp\u00e9cialiste en d\u00e9veloppement des hommes, elle accompagne les entreprises dans leurs enjeux de d\u00e9veloppement RH, d\u2019innovation manag\u00e9riale et de conduite des transformations.\",\"mainEntityOfPage\":{\"@id\":\"https:\/\/www.gereso.com\/actualites\/author\/e-hautefort\/\"}}]}<\/script>\n<!-- \/ Yoast SEO plugin. -->","yoast_head_json":{"title":"\u00c9milie Hautefort, Author at Le Blog GERESO","robots":{"index":"index","follow":"follow","max-snippet":"max-snippet:-1","max-image-preview":"max-image-preview:large","max-video-preview":"max-video-preview:-1"},"canonical":"https:\/\/www.gereso.com\/actualites\/author\/e-hautefort\/","og_locale":"fr_FR","og_type":"profile","og_title":"\u00c9milie Hautefort, Author at Le Blog GERESO","og_url":"https:\/\/www.gereso.com\/actualites\/author\/e-hautefort\/","og_site_name":"Le Blog GERESO","og_image":[{"width":235,"height":320,"url":"https:\/\/www.gereso.com\/actualites\/wp-content\/uploads\/2019\/07\/Emilie-Hautefort.jpg","type":"image\/jpeg"}],"twitter_card":"summary_large_image","schema":{"@context":"https:\/\/schema.org","@graph":[{"@type":"ProfilePage","@id":"https:\/\/www.gereso.com\/actualites\/author\/e-hautefort\/","url":"https:\/\/www.gereso.com\/actualites\/author\/e-hautefort\/","name":"\u00c9milie Hautefort, Author at Le Blog GERESO","isPartOf":{"@id":"https:\/\/www.gereso.com\/actualites\/#website"},"breadcrumb":{"@id":"https:\/\/www.gereso.com\/actualites\/author\/e-hautefort\/#breadcrumb"},"inLanguage":"fr-FR","potentialAction":[{"@type":"ReadAction","target":["https:\/\/www.gereso.com\/actualites\/author\/e-hautefort\/"]}]},{"@type":"BreadcrumbList","@id":"https:\/\/www.gereso.com\/actualites\/author\/e-hautefort\/#breadcrumb","itemListElement":[{"@type":"ListItem","position":1,"name":"Home","item":"https:\/\/www.gereso.com\/actualites\/"},{"@type":"ListItem","position":2,"name":"Archives for \u00c9milie Hautefort"}]},{"@type":"WebSite","@id":"https:\/\/www.gereso.com\/actualites\/#website","url":"https:\/\/www.gereso.com\/actualites\/","name":"Le Blog GERESO","description":"Toute l&#039;actu RH, Finance, Fonction Publique, Management...","potentialAction":[{"@type":"SearchAction","target":{"@type":"EntryPoint","urlTemplate":"https:\/\/www.gereso.com\/actualites\/?s={search_term_string}"},"query-input":{"@type":"PropertyValueSpecification","valueRequired":true,"valueName":"search_term_string"}}],"inLanguage":"fr-FR"},{"@type":"Person","@id":"https:\/\/www.gereso.com\/actualites\/#\/schema\/person\/08acef1d5070e9320fb97b810e55df80","name":"\u00c9milie Hautefort","image":{"@type":"ImageObject","inLanguage":"fr-FR","@id":"https:\/\/www.gereso.com\/actualites\/#\/schema\/person\/image\/","url":"https:\/\/www.gereso.com\/actualites\/wp-content\/uploads\/2019\/07\/Emilie-Hautefort-144x144.jpg","contentUrl":"https:\/\/www.gereso.com\/actualites\/wp-content\/uploads\/2019\/07\/Emilie-Hautefort-144x144.jpg","caption":"\u00c9milie Hautefort"},"description":"Titulaire du Mast\u00e8re \u00ab Directeur des Ressources Humaines \u00bb de l\u2019ESSEC, \u00c9milie exerce en Ressources Humaines depuis 20 ans dans des secteurs vari\u00e9s, aussi bien au sein de PME que de grands groupes internationaux. Tour \u00e0 tour g\u00e9n\u00e9raliste et sp\u00e9cialiste en d\u00e9veloppement des hommes, elle accompagne les entreprises dans leurs enjeux de d\u00e9veloppement RH, d\u2019innovation manag\u00e9riale et de conduite des transformations.","mainEntityOfPage":{"@id":"https:\/\/www.gereso.com\/actualites\/author\/e-hautefort\/"}}]}},"_links":{"self":[{"href":"https:\/\/www.gereso.com\/actualites\/wp-json\/wp\/v2\/users\/73","targetHints":{"allow":["GET"]}}],"collection":[{"href":"https:\/\/www.gereso.com\/actualites\/wp-json\/wp\/v2\/users"}]}}