{"id":74,"name":"\u00c9milie COLLIN","url":"","description":"Emilie COLLIN est titulaire d\u2019un MBA gestion des RH et de la mobilit\u00e9 internationale. Consultante et formatrice, elle intervient dans les domaines des ressources humaines, du contr\u00f4le de gestion sociale et de la mobilit\u00e9 internationale.","link":"https:\/\/www.gereso.com\/actualites\/author\/e-collin\/","slug":"e-collin","avatar_urls":{"24":"https:\/\/www.gereso.com\/actualites\/wp-content\/uploads\/2019\/09\/Emilie-Collin-1-144x144.jpg","48":"https:\/\/www.gereso.com\/actualites\/wp-content\/uploads\/2019\/09\/Emilie-Collin-1-144x144.jpg","96":"https:\/\/www.gereso.com\/actualites\/wp-content\/uploads\/2019\/09\/Emilie-Collin-1-144x144.jpg"},"meta":[],"acf":[],"yoast_head":"<!-- This site is optimized with the Yoast SEO plugin v23.4 - https:\/\/yoast.com\/wordpress\/plugins\/seo\/ -->\n<title>\u00c9milie COLLIN, Author at Le Blog GERESO<\/title>\n<meta name=\"robots\" content=\"index, follow, max-snippet:-1, max-image-preview:large, max-video-preview:-1\" \/>\n<link rel=\"canonical\" href=\"https:\/\/www.gereso.com\/actualites\/author\/e-collin\/\" \/>\n<meta property=\"og:locale\" content=\"fr_FR\" \/>\n<meta property=\"og:type\" content=\"profile\" \/>\n<meta property=\"og:title\" content=\"\u00c9milie COLLIN, Author at Le Blog GERESO\" \/>\n<meta property=\"og:url\" content=\"https:\/\/www.gereso.com\/actualites\/author\/e-collin\/\" \/>\n<meta property=\"og:site_name\" content=\"Le Blog GERESO\" \/>\n<meta property=\"og:image\" content=\"https:\/\/www.gereso.com\/actualites\/wp-content\/uploads\/2019\/09\/Emilie-Collin-1-1024x683.jpg\" \/>\n\t<meta property=\"og:image:width\" content=\"1024\" \/>\n\t<meta property=\"og:image:height\" content=\"683\" \/>\n\t<meta property=\"og:image:type\" content=\"image\/jpeg\" \/>\n<meta name=\"twitter:card\" content=\"summary_large_image\" \/>\n<script type=\"application\/ld+json\" class=\"yoast-schema-graph\">{\"@context\":\"https:\/\/schema.org\",\"@graph\":[{\"@type\":\"ProfilePage\",\"@id\":\"https:\/\/www.gereso.com\/actualites\/author\/e-collin\/\",\"url\":\"https:\/\/www.gereso.com\/actualites\/author\/e-collin\/\",\"name\":\"\u00c9milie COLLIN, Author at Le Blog GERESO\",\"isPartOf\":{\"@id\":\"https:\/\/www.gereso.com\/actualites\/#website\"},\"breadcrumb\":{\"@id\":\"https:\/\/www.gereso.com\/actualites\/author\/e-collin\/#breadcrumb\"},\"inLanguage\":\"fr-FR\",\"potentialAction\":[{\"@type\":\"ReadAction\",\"target\":[\"https:\/\/www.gereso.com\/actualites\/author\/e-collin\/\"]}]},{\"@type\":\"BreadcrumbList\",\"@id\":\"https:\/\/www.gereso.com\/actualites\/author\/e-collin\/#breadcrumb\",\"itemListElement\":[{\"@type\":\"ListItem\",\"position\":1,\"name\":\"Home\",\"item\":\"https:\/\/www.gereso.com\/actualites\/\"},{\"@type\":\"ListItem\",\"position\":2,\"name\":\"Archives for \u00c9milie COLLIN\"}]},{\"@type\":\"WebSite\",\"@id\":\"https:\/\/www.gereso.com\/actualites\/#website\",\"url\":\"https:\/\/www.gereso.com\/actualites\/\",\"name\":\"Le Blog GERESO\",\"description\":\"Toute l&#039;actu RH, Finance, Fonction Publique, Management...\",\"potentialAction\":[{\"@type\":\"SearchAction\",\"target\":{\"@type\":\"EntryPoint\",\"urlTemplate\":\"https:\/\/www.gereso.com\/actualites\/?s={search_term_string}\"},\"query-input\":{\"@type\":\"PropertyValueSpecification\",\"valueRequired\":true,\"valueName\":\"search_term_string\"}}],\"inLanguage\":\"fr-FR\"},{\"@type\":\"Person\",\"@id\":\"https:\/\/www.gereso.com\/actualites\/#\/schema\/person\/7a481addbe05945e6a4be4447ccbade7\",\"name\":\"\u00c9milie COLLIN\",\"image\":{\"@type\":\"ImageObject\",\"inLanguage\":\"fr-FR\",\"@id\":\"https:\/\/www.gereso.com\/actualites\/#\/schema\/person\/image\/\",\"url\":\"https:\/\/www.gereso.com\/actualites\/wp-content\/uploads\/2019\/09\/Emilie-Collin-1-144x144.jpg\",\"contentUrl\":\"https:\/\/www.gereso.com\/actualites\/wp-content\/uploads\/2019\/09\/Emilie-Collin-1-144x144.jpg\",\"caption\":\"\u00c9milie COLLIN\"},\"description\":\"Emilie COLLIN est titulaire d\u2019un MBA gestion des RH et de la mobilit\u00e9 internationale. Consultante et formatrice, elle intervient dans les domaines des ressources humaines, du contr\u00f4le de gestion sociale et de la mobilit\u00e9 internationale.\",\"mainEntityOfPage\":{\"@id\":\"https:\/\/www.gereso.com\/actualites\/author\/e-collin\/\"}}]}<\/script>\n<!-- \/ Yoast SEO plugin. -->","yoast_head_json":{"title":"\u00c9milie COLLIN, Author at Le Blog GERESO","robots":{"index":"index","follow":"follow","max-snippet":"max-snippet:-1","max-image-preview":"max-image-preview:large","max-video-preview":"max-video-preview:-1"},"canonical":"https:\/\/www.gereso.com\/actualites\/author\/e-collin\/","og_locale":"fr_FR","og_type":"profile","og_title":"\u00c9milie COLLIN, Author at Le Blog GERESO","og_url":"https:\/\/www.gereso.com\/actualites\/author\/e-collin\/","og_site_name":"Le Blog GERESO","og_image":[{"width":1024,"height":683,"url":"https:\/\/www.gereso.com\/actualites\/wp-content\/uploads\/2019\/09\/Emilie-Collin-1-1024x683.jpg","type":"image\/jpeg"}],"twitter_card":"summary_large_image","schema":{"@context":"https:\/\/schema.org","@graph":[{"@type":"ProfilePage","@id":"https:\/\/www.gereso.com\/actualites\/author\/e-collin\/","url":"https:\/\/www.gereso.com\/actualites\/author\/e-collin\/","name":"\u00c9milie COLLIN, Author at Le Blog GERESO","isPartOf":{"@id":"https:\/\/www.gereso.com\/actualites\/#website"},"breadcrumb":{"@id":"https:\/\/www.gereso.com\/actualites\/author\/e-collin\/#breadcrumb"},"inLanguage":"fr-FR","potentialAction":[{"@type":"ReadAction","target":["https:\/\/www.gereso.com\/actualites\/author\/e-collin\/"]}]},{"@type":"BreadcrumbList","@id":"https:\/\/www.gereso.com\/actualites\/author\/e-collin\/#breadcrumb","itemListElement":[{"@type":"ListItem","position":1,"name":"Home","item":"https:\/\/www.gereso.com\/actualites\/"},{"@type":"ListItem","position":2,"name":"Archives for \u00c9milie COLLIN"}]},{"@type":"WebSite","@id":"https:\/\/www.gereso.com\/actualites\/#website","url":"https:\/\/www.gereso.com\/actualites\/","name":"Le Blog GERESO","description":"Toute l&#039;actu RH, Finance, Fonction Publique, Management...","potentialAction":[{"@type":"SearchAction","target":{"@type":"EntryPoint","urlTemplate":"https:\/\/www.gereso.com\/actualites\/?s={search_term_string}"},"query-input":{"@type":"PropertyValueSpecification","valueRequired":true,"valueName":"search_term_string"}}],"inLanguage":"fr-FR"},{"@type":"Person","@id":"https:\/\/www.gereso.com\/actualites\/#\/schema\/person\/7a481addbe05945e6a4be4447ccbade7","name":"\u00c9milie COLLIN","image":{"@type":"ImageObject","inLanguage":"fr-FR","@id":"https:\/\/www.gereso.com\/actualites\/#\/schema\/person\/image\/","url":"https:\/\/www.gereso.com\/actualites\/wp-content\/uploads\/2019\/09\/Emilie-Collin-1-144x144.jpg","contentUrl":"https:\/\/www.gereso.com\/actualites\/wp-content\/uploads\/2019\/09\/Emilie-Collin-1-144x144.jpg","caption":"\u00c9milie COLLIN"},"description":"Emilie COLLIN est titulaire d\u2019un MBA gestion des RH et de la mobilit\u00e9 internationale. Consultante et formatrice, elle intervient dans les domaines des ressources humaines, du contr\u00f4le de gestion sociale et de la mobilit\u00e9 internationale.","mainEntityOfPage":{"@id":"https:\/\/www.gereso.com\/actualites\/author\/e-collin\/"}}]}},"_links":{"self":[{"href":"https:\/\/www.gereso.com\/actualites\/wp-json\/wp\/v2\/users\/74","targetHints":{"allow":["GET"]}}],"collection":[{"href":"https:\/\/www.gereso.com\/actualites\/wp-json\/wp\/v2\/users"}]}}