{"id":80,"name":"J\u00e9r\u00f4me Lecleire","url":"","description":"Issu d'un cursus juridique, J\u00e9r\u00f4me LECLEIRE a exerc\u00e9 des fonctions dans ce domaine, notamment en tant que directeur juridique, avec une dominante sur les axes financiers et contentieux de l'entreprise.\r\nPassionn\u00e9 par la transmission des connaissances et la progression des comp\u00e9tences, il s'est naturellement orient\u00e9 vers la fonction de consultant formateur.","link":"https:\/\/www.gereso.com\/actualites\/author\/j-lecleire\/","slug":"j-lecleire","avatar_urls":{"24":"https:\/\/www.gereso.com\/actualites\/wp-content\/uploads\/2020\/11\/Jerome-lecleire-144x144.jpg","48":"https:\/\/www.gereso.com\/actualites\/wp-content\/uploads\/2020\/11\/Jerome-lecleire-144x144.jpg","96":"https:\/\/www.gereso.com\/actualites\/wp-content\/uploads\/2020\/11\/Jerome-lecleire-144x144.jpg"},"meta":[],"acf":[],"yoast_head":"<!-- This site is optimized with the Yoast SEO plugin v23.4 - https:\/\/yoast.com\/wordpress\/plugins\/seo\/ -->\n<title>J\u00e9r\u00f4me Lecleire, Author at Le Blog GERESO<\/title>\n<meta name=\"robots\" content=\"index, follow, max-snippet:-1, max-image-preview:large, max-video-preview:-1\" \/>\n<link rel=\"canonical\" href=\"https:\/\/www.gereso.com\/actualites\/author\/j-lecleire\/\" \/>\n<meta property=\"og:locale\" content=\"fr_FR\" \/>\n<meta property=\"og:type\" content=\"profile\" \/>\n<meta property=\"og:title\" content=\"J\u00e9r\u00f4me Lecleire, Author at Le Blog GERESO\" \/>\n<meta property=\"og:url\" content=\"https:\/\/www.gereso.com\/actualites\/author\/j-lecleire\/\" \/>\n<meta property=\"og:site_name\" content=\"Le Blog GERESO\" \/>\n<meta property=\"og:image\" content=\"https:\/\/www.gereso.com\/actualites\/wp-content\/uploads\/2020\/11\/Jerome-lecleire-1024x1016.jpg\" \/>\n\t<meta property=\"og:image:width\" content=\"1024\" \/>\n\t<meta property=\"og:image:height\" content=\"1016\" \/>\n\t<meta property=\"og:image:type\" content=\"image\/jpeg\" \/>\n<meta name=\"twitter:card\" content=\"summary_large_image\" \/>\n<script type=\"application\/ld+json\" class=\"yoast-schema-graph\">{\"@context\":\"https:\/\/schema.org\",\"@graph\":[{\"@type\":\"ProfilePage\",\"@id\":\"https:\/\/www.gereso.com\/actualites\/author\/j-lecleire\/\",\"url\":\"https:\/\/www.gereso.com\/actualites\/author\/j-lecleire\/\",\"name\":\"J\u00e9r\u00f4me Lecleire, Author at Le Blog GERESO\",\"isPartOf\":{\"@id\":\"https:\/\/www.gereso.com\/actualites\/#website\"},\"breadcrumb\":{\"@id\":\"https:\/\/www.gereso.com\/actualites\/author\/j-lecleire\/#breadcrumb\"},\"inLanguage\":\"fr-FR\",\"potentialAction\":[{\"@type\":\"ReadAction\",\"target\":[\"https:\/\/www.gereso.com\/actualites\/author\/j-lecleire\/\"]}]},{\"@type\":\"BreadcrumbList\",\"@id\":\"https:\/\/www.gereso.com\/actualites\/author\/j-lecleire\/#breadcrumb\",\"itemListElement\":[{\"@type\":\"ListItem\",\"position\":1,\"name\":\"Home\",\"item\":\"https:\/\/www.gereso.com\/actualites\/\"},{\"@type\":\"ListItem\",\"position\":2,\"name\":\"Archives for J\u00e9r\u00f4me Lecleire\"}]},{\"@type\":\"WebSite\",\"@id\":\"https:\/\/www.gereso.com\/actualites\/#website\",\"url\":\"https:\/\/www.gereso.com\/actualites\/\",\"name\":\"Le Blog GERESO\",\"description\":\"Toute l&#039;actu RH, Finance, Fonction Publique, Management...\",\"potentialAction\":[{\"@type\":\"SearchAction\",\"target\":{\"@type\":\"EntryPoint\",\"urlTemplate\":\"https:\/\/www.gereso.com\/actualites\/?s={search_term_string}\"},\"query-input\":{\"@type\":\"PropertyValueSpecification\",\"valueRequired\":true,\"valueName\":\"search_term_string\"}}],\"inLanguage\":\"fr-FR\"},{\"@type\":\"Person\",\"@id\":\"https:\/\/www.gereso.com\/actualites\/#\/schema\/person\/6ba93eb42bf53d374ddc7beaa01e2afc\",\"name\":\"J\u00e9r\u00f4me Lecleire\",\"image\":{\"@type\":\"ImageObject\",\"inLanguage\":\"fr-FR\",\"@id\":\"https:\/\/www.gereso.com\/actualites\/#\/schema\/person\/image\/\",\"url\":\"https:\/\/www.gereso.com\/actualites\/wp-content\/uploads\/2020\/11\/Jerome-lecleire-144x144.jpg\",\"contentUrl\":\"https:\/\/www.gereso.com\/actualites\/wp-content\/uploads\/2020\/11\/Jerome-lecleire-144x144.jpg\",\"caption\":\"J\u00e9r\u00f4me Lecleire\"},\"description\":\"Issu d'un cursus juridique, J\u00e9r\u00f4me LECLEIRE a exerc\u00e9 des fonctions dans ce domaine, notamment en tant que directeur juridique, avec une dominante sur les axes financiers et contentieux de l'entreprise. Passionn\u00e9 par la transmission des connaissances et la progression des comp\u00e9tences, il s'est naturellement orient\u00e9 vers la fonction de consultant formateur.\",\"mainEntityOfPage\":{\"@id\":\"https:\/\/www.gereso.com\/actualites\/author\/j-lecleire\/\"}}]}<\/script>\n<!-- \/ Yoast SEO plugin. -->","yoast_head_json":{"title":"J\u00e9r\u00f4me Lecleire, Author at Le Blog GERESO","robots":{"index":"index","follow":"follow","max-snippet":"max-snippet:-1","max-image-preview":"max-image-preview:large","max-video-preview":"max-video-preview:-1"},"canonical":"https:\/\/www.gereso.com\/actualites\/author\/j-lecleire\/","og_locale":"fr_FR","og_type":"profile","og_title":"J\u00e9r\u00f4me Lecleire, Author at Le Blog GERESO","og_url":"https:\/\/www.gereso.com\/actualites\/author\/j-lecleire\/","og_site_name":"Le Blog GERESO","og_image":[{"width":1024,"height":1016,"url":"https:\/\/www.gereso.com\/actualites\/wp-content\/uploads\/2020\/11\/Jerome-lecleire-1024x1016.jpg","type":"image\/jpeg"}],"twitter_card":"summary_large_image","schema":{"@context":"https:\/\/schema.org","@graph":[{"@type":"ProfilePage","@id":"https:\/\/www.gereso.com\/actualites\/author\/j-lecleire\/","url":"https:\/\/www.gereso.com\/actualites\/author\/j-lecleire\/","name":"J\u00e9r\u00f4me Lecleire, Author at Le Blog GERESO","isPartOf":{"@id":"https:\/\/www.gereso.com\/actualites\/#website"},"breadcrumb":{"@id":"https:\/\/www.gereso.com\/actualites\/author\/j-lecleire\/#breadcrumb"},"inLanguage":"fr-FR","potentialAction":[{"@type":"ReadAction","target":["https:\/\/www.gereso.com\/actualites\/author\/j-lecleire\/"]}]},{"@type":"BreadcrumbList","@id":"https:\/\/www.gereso.com\/actualites\/author\/j-lecleire\/#breadcrumb","itemListElement":[{"@type":"ListItem","position":1,"name":"Home","item":"https:\/\/www.gereso.com\/actualites\/"},{"@type":"ListItem","position":2,"name":"Archives for J\u00e9r\u00f4me Lecleire"}]},{"@type":"WebSite","@id":"https:\/\/www.gereso.com\/actualites\/#website","url":"https:\/\/www.gereso.com\/actualites\/","name":"Le Blog GERESO","description":"Toute l&#039;actu RH, Finance, Fonction Publique, Management...","potentialAction":[{"@type":"SearchAction","target":{"@type":"EntryPoint","urlTemplate":"https:\/\/www.gereso.com\/actualites\/?s={search_term_string}"},"query-input":{"@type":"PropertyValueSpecification","valueRequired":true,"valueName":"search_term_string"}}],"inLanguage":"fr-FR"},{"@type":"Person","@id":"https:\/\/www.gereso.com\/actualites\/#\/schema\/person\/6ba93eb42bf53d374ddc7beaa01e2afc","name":"J\u00e9r\u00f4me Lecleire","image":{"@type":"ImageObject","inLanguage":"fr-FR","@id":"https:\/\/www.gereso.com\/actualites\/#\/schema\/person\/image\/","url":"https:\/\/www.gereso.com\/actualites\/wp-content\/uploads\/2020\/11\/Jerome-lecleire-144x144.jpg","contentUrl":"https:\/\/www.gereso.com\/actualites\/wp-content\/uploads\/2020\/11\/Jerome-lecleire-144x144.jpg","caption":"J\u00e9r\u00f4me Lecleire"},"description":"Issu d'un cursus juridique, J\u00e9r\u00f4me LECLEIRE a exerc\u00e9 des fonctions dans ce domaine, notamment en tant que directeur juridique, avec une dominante sur les axes financiers et contentieux de l'entreprise. Passionn\u00e9 par la transmission des connaissances et la progression des comp\u00e9tences, il s'est naturellement orient\u00e9 vers la fonction de consultant formateur.","mainEntityOfPage":{"@id":"https:\/\/www.gereso.com\/actualites\/author\/j-lecleire\/"}}]}},"_links":{"self":[{"href":"https:\/\/www.gereso.com\/actualites\/wp-json\/wp\/v2\/users\/80","targetHints":{"allow":["GET"]}}],"collection":[{"href":"https:\/\/www.gereso.com\/actualites\/wp-json\/wp\/v2\/users"}]}}