{"id":84,"name":"\u00c9quipe Icare","url":"","description":"<a href=\"https:\/\/www.institut-icare.com\/\">Icare<\/a> est un Institut dont les activit\u00e9s de formation, d'accompagnement et de conseil sont centr\u00e9es sur les th\u00e8mes de la communication, de la prise de parole en public, de la gestion des relations, du management et de la transmission des comp\u00e9tences.\r\nSes prestations s\u2019adressent \u00e0 tous les collaborateurs et tous les managers souhaitant am\u00e9liorer de fa\u00e7on concr\u00e8te leurs postures, leurs comportements et leurs pratiques du quotidien.\r\n\r\nSon expertise s'appuie sur des intervenants tous coaches certifi\u00e9s et sur des m\u00e9thodes p\u00e9dagogiques tr\u00e8s participatives bas\u00e9es notamment sur le principe d'induction (partir de la r\u00e9alit\u00e9 des participants pour les accompagner vers les bonnes pratiques) et de tr\u00e8s nombreux tests, r\u00e9flexions, exercices et mises en situation.\r\n\r\nAnim\u00e9e depuis pr\u00e8s de 30 ans par une logique d'am\u00e9lioration continue l'organisation adh\u00e8re \u00e0 la F\u00e9d\u00e9ration de la Formation Professionnelle, est inscrite au Datadock et est certifi\u00e9e Qualiopi dans la cat\u00e9gorie des actions de formation.","link":"https:\/\/www.gereso.com\/actualites\/author\/icare\/","slug":"icare","avatar_urls":{"24":"https:\/\/www.gereso.com\/actualites\/wp-content\/uploads\/2021\/08\/Logo-Icare-120x120.jpg","48":"https:\/\/www.gereso.com\/actualites\/wp-content\/uploads\/2021\/08\/Logo-Icare-120x120.jpg","96":"https:\/\/www.gereso.com\/actualites\/wp-content\/uploads\/2021\/08\/Logo-Icare-120x120.jpg"},"meta":[],"acf":[],"yoast_head":"<!-- This site is optimized with the Yoast SEO plugin v23.4 - https:\/\/yoast.com\/wordpress\/plugins\/seo\/ -->\n<title>\u00c9quipe Icare, Author at Le Blog GERESO<\/title>\n<meta name=\"robots\" content=\"index, follow, max-snippet:-1, max-image-preview:large, max-video-preview:-1\" \/>\n<link rel=\"canonical\" href=\"https:\/\/www.gereso.com\/actualites\/author\/icare\/\" \/>\n<meta property=\"og:locale\" content=\"fr_FR\" \/>\n<meta property=\"og:type\" content=\"profile\" \/>\n<meta property=\"og:title\" content=\"\u00c9quipe Icare, Author at Le Blog GERESO\" \/>\n<meta property=\"og:url\" content=\"https:\/\/www.gereso.com\/actualites\/author\/icare\/\" \/>\n<meta property=\"og:site_name\" content=\"Le Blog GERESO\" \/>\n<meta property=\"og:image\" content=\"https:\/\/www.gereso.com\/actualites\/wp-content\/uploads\/2021\/08\/Logo-Icare.jpg\" \/>\n\t<meta property=\"og:image:width\" content=\"200\" \/>\n\t<meta property=\"og:image:height\" content=\"200\" \/>\n\t<meta property=\"og:image:type\" content=\"image\/jpeg\" \/>\n<meta name=\"twitter:card\" content=\"summary_large_image\" \/>\n<script type=\"application\/ld+json\" class=\"yoast-schema-graph\">{\"@context\":\"https:\/\/schema.org\",\"@graph\":[{\"@type\":\"ProfilePage\",\"@id\":\"https:\/\/www.gereso.com\/actualites\/author\/icare\/\",\"url\":\"https:\/\/www.gereso.com\/actualites\/author\/icare\/\",\"name\":\"\u00c9quipe Icare, Author at Le Blog GERESO\",\"isPartOf\":{\"@id\":\"https:\/\/www.gereso.com\/actualites\/#website\"},\"breadcrumb\":{\"@id\":\"https:\/\/www.gereso.com\/actualites\/author\/icare\/#breadcrumb\"},\"inLanguage\":\"fr-FR\",\"potentialAction\":[{\"@type\":\"ReadAction\",\"target\":[\"https:\/\/www.gereso.com\/actualites\/author\/icare\/\"]}]},{\"@type\":\"BreadcrumbList\",\"@id\":\"https:\/\/www.gereso.com\/actualites\/author\/icare\/#breadcrumb\",\"itemListElement\":[{\"@type\":\"ListItem\",\"position\":1,\"name\":\"Home\",\"item\":\"https:\/\/www.gereso.com\/actualites\/\"},{\"@type\":\"ListItem\",\"position\":2,\"name\":\"Archives for \u00c9quipe Icare\"}]},{\"@type\":\"WebSite\",\"@id\":\"https:\/\/www.gereso.com\/actualites\/#website\",\"url\":\"https:\/\/www.gereso.com\/actualites\/\",\"name\":\"Le Blog GERESO\",\"description\":\"Toute l&#039;actu RH, Finance, Fonction Publique, Management...\",\"potentialAction\":[{\"@type\":\"SearchAction\",\"target\":{\"@type\":\"EntryPoint\",\"urlTemplate\":\"https:\/\/www.gereso.com\/actualites\/?s={search_term_string}\"},\"query-input\":{\"@type\":\"PropertyValueSpecification\",\"valueRequired\":true,\"valueName\":\"search_term_string\"}}],\"inLanguage\":\"fr-FR\"},{\"@type\":\"Person\",\"@id\":\"https:\/\/www.gereso.com\/actualites\/#\/schema\/person\/6b2d9038abb3603efe7e320f8a180189\",\"name\":\"\u00c9quipe Icare\",\"image\":{\"@type\":\"ImageObject\",\"inLanguage\":\"fr-FR\",\"@id\":\"https:\/\/www.gereso.com\/actualites\/#\/schema\/person\/image\/\",\"url\":\"https:\/\/www.gereso.com\/actualites\/wp-content\/uploads\/2021\/08\/Logo-Icare-120x120.jpg\",\"contentUrl\":\"https:\/\/www.gereso.com\/actualites\/wp-content\/uploads\/2021\/08\/Logo-Icare-120x120.jpg\",\"caption\":\"\u00c9quipe Icare\"},\"description\":\"Icare est un Institut dont les activit\u00e9s de formation, d'accompagnement et de conseil sont centr\u00e9es sur les th\u00e8mes de la communication, de la prise de parole en public, de la gestion des relations, du management et de la transmission des comp\u00e9tences. Ses prestations s\u2019adressent \u00e0 tous les collaborateurs et tous les managers souhaitant am\u00e9liorer de fa\u00e7on concr\u00e8te leurs postures, leurs comportements et leurs pratiques du quotidien. Son expertise s'appuie sur des intervenants tous coaches certifi\u00e9s et sur des m\u00e9thodes p\u00e9dagogiques tr\u00e8s participatives bas\u00e9es notamment sur le principe d'induction (partir de la r\u00e9alit\u00e9 des participants pour les accompagner vers les bonnes pratiques) et de tr\u00e8s nombreux tests, r\u00e9flexions, exercices et mises en situation. Anim\u00e9e depuis pr\u00e8s de 30 ans par une logique d'am\u00e9lioration continue l'organisation adh\u00e8re \u00e0 la F\u00e9d\u00e9ration de la Formation Professionnelle, est inscrite au Datadock et est certifi\u00e9e Qualiopi dans la cat\u00e9gorie des actions de formation.\",\"mainEntityOfPage\":{\"@id\":\"https:\/\/www.gereso.com\/actualites\/author\/icare\/\"}}]}<\/script>\n<!-- \/ Yoast SEO plugin. -->","yoast_head_json":{"title":"\u00c9quipe Icare, Author at Le Blog GERESO","robots":{"index":"index","follow":"follow","max-snippet":"max-snippet:-1","max-image-preview":"max-image-preview:large","max-video-preview":"max-video-preview:-1"},"canonical":"https:\/\/www.gereso.com\/actualites\/author\/icare\/","og_locale":"fr_FR","og_type":"profile","og_title":"\u00c9quipe Icare, Author at Le Blog GERESO","og_url":"https:\/\/www.gereso.com\/actualites\/author\/icare\/","og_site_name":"Le Blog GERESO","og_image":[{"width":200,"height":200,"url":"https:\/\/www.gereso.com\/actualites\/wp-content\/uploads\/2021\/08\/Logo-Icare.jpg","type":"image\/jpeg"}],"twitter_card":"summary_large_image","schema":{"@context":"https:\/\/schema.org","@graph":[{"@type":"ProfilePage","@id":"https:\/\/www.gereso.com\/actualites\/author\/icare\/","url":"https:\/\/www.gereso.com\/actualites\/author\/icare\/","name":"\u00c9quipe Icare, Author at Le Blog GERESO","isPartOf":{"@id":"https:\/\/www.gereso.com\/actualites\/#website"},"breadcrumb":{"@id":"https:\/\/www.gereso.com\/actualites\/author\/icare\/#breadcrumb"},"inLanguage":"fr-FR","potentialAction":[{"@type":"ReadAction","target":["https:\/\/www.gereso.com\/actualites\/author\/icare\/"]}]},{"@type":"BreadcrumbList","@id":"https:\/\/www.gereso.com\/actualites\/author\/icare\/#breadcrumb","itemListElement":[{"@type":"ListItem","position":1,"name":"Home","item":"https:\/\/www.gereso.com\/actualites\/"},{"@type":"ListItem","position":2,"name":"Archives for \u00c9quipe Icare"}]},{"@type":"WebSite","@id":"https:\/\/www.gereso.com\/actualites\/#website","url":"https:\/\/www.gereso.com\/actualites\/","name":"Le Blog GERESO","description":"Toute l&#039;actu RH, Finance, Fonction Publique, Management...","potentialAction":[{"@type":"SearchAction","target":{"@type":"EntryPoint","urlTemplate":"https:\/\/www.gereso.com\/actualites\/?s={search_term_string}"},"query-input":{"@type":"PropertyValueSpecification","valueRequired":true,"valueName":"search_term_string"}}],"inLanguage":"fr-FR"},{"@type":"Person","@id":"https:\/\/www.gereso.com\/actualites\/#\/schema\/person\/6b2d9038abb3603efe7e320f8a180189","name":"\u00c9quipe Icare","image":{"@type":"ImageObject","inLanguage":"fr-FR","@id":"https:\/\/www.gereso.com\/actualites\/#\/schema\/person\/image\/","url":"https:\/\/www.gereso.com\/actualites\/wp-content\/uploads\/2021\/08\/Logo-Icare-120x120.jpg","contentUrl":"https:\/\/www.gereso.com\/actualites\/wp-content\/uploads\/2021\/08\/Logo-Icare-120x120.jpg","caption":"\u00c9quipe Icare"},"description":"Icare est un Institut dont les activit\u00e9s de formation, d'accompagnement et de conseil sont centr\u00e9es sur les th\u00e8mes de la communication, de la prise de parole en public, de la gestion des relations, du management et de la transmission des comp\u00e9tences. Ses prestations s\u2019adressent \u00e0 tous les collaborateurs et tous les managers souhaitant am\u00e9liorer de fa\u00e7on concr\u00e8te leurs postures, leurs comportements et leurs pratiques du quotidien. Son expertise s'appuie sur des intervenants tous coaches certifi\u00e9s et sur des m\u00e9thodes p\u00e9dagogiques tr\u00e8s participatives bas\u00e9es notamment sur le principe d'induction (partir de la r\u00e9alit\u00e9 des participants pour les accompagner vers les bonnes pratiques) et de tr\u00e8s nombreux tests, r\u00e9flexions, exercices et mises en situation. Anim\u00e9e depuis pr\u00e8s de 30 ans par une logique d'am\u00e9lioration continue l'organisation adh\u00e8re \u00e0 la F\u00e9d\u00e9ration de la Formation Professionnelle, est inscrite au Datadock et est certifi\u00e9e Qualiopi dans la cat\u00e9gorie des actions de formation.","mainEntityOfPage":{"@id":"https:\/\/www.gereso.com\/actualites\/author\/icare\/"}}]}},"_links":{"self":[{"href":"https:\/\/www.gereso.com\/actualites\/wp-json\/wp\/v2\/users\/84","targetHints":{"allow":["GET"]}}],"collection":[{"href":"https:\/\/www.gereso.com\/actualites\/wp-json\/wp\/v2\/users"}]}}