{"id":87,"name":"C\u00e9cile Prioul","url":"","description":"C\u00e9cile Prioul est co-fondatrice de \"\u00c7a ira encore mieux demain\".\r\n\r\nEn cr\u00e9ant une m\u00e9thodologie innovante alliant un parcours digital d\u2019exercices de coaching, d\u2019\u00c9ducation Th\u00e9rapeutique du Patient et d\u2019Intelligence \u00e9motionnelle \u00e0 des s\u00e9ances individuelles de pr\u00e9paration \u00e0 la r\u00e9union de liaison, \"\u00c7a ira encore mieux demain\" re\u00e7oit le prix Coup de c\u0153ur Sant\u00e9 Entrepreneur par VYV en 2020 et le prix de l\u2019innovation Mangement RH par Pr\u00e9ventica 2022.","link":"https:\/\/www.gereso.com\/actualites\/author\/c-prioul\/","slug":"c-prioul","avatar_urls":{"24":"https:\/\/www.gereso.com\/actualites\/wp-content\/uploads\/2022\/07\/cecile-prioul-120x120.jpeg","48":"https:\/\/www.gereso.com\/actualites\/wp-content\/uploads\/2022\/07\/cecile-prioul-120x120.jpeg","96":"https:\/\/www.gereso.com\/actualites\/wp-content\/uploads\/2022\/07\/cecile-prioul-120x120.jpeg"},"meta":[],"acf":[],"yoast_head":"<!-- This site is optimized with the Yoast SEO plugin v23.4 - https:\/\/yoast.com\/wordpress\/plugins\/seo\/ -->\n<title>C\u00e9cile Prioul, Author at Le Blog GERESO<\/title>\n<meta name=\"robots\" content=\"index, follow, max-snippet:-1, max-image-preview:large, max-video-preview:-1\" \/>\n<link rel=\"canonical\" href=\"https:\/\/www.gereso.com\/actualites\/author\/c-prioul\/\" \/>\n<meta property=\"og:locale\" content=\"fr_FR\" \/>\n<meta property=\"og:type\" content=\"profile\" \/>\n<meta property=\"og:title\" content=\"C\u00e9cile Prioul, Author at Le Blog GERESO\" \/>\n<meta property=\"og:url\" content=\"https:\/\/www.gereso.com\/actualites\/author\/c-prioul\/\" \/>\n<meta property=\"og:site_name\" content=\"Le Blog GERESO\" \/>\n<meta property=\"og:image\" content=\"https:\/\/www.gereso.com\/actualites\/wp-content\/uploads\/2022\/07\/cecile-prioul.jpeg\" \/>\n\t<meta property=\"og:image:width\" content=\"853\" \/>\n\t<meta property=\"og:image:height\" content=\"891\" \/>\n\t<meta property=\"og:image:type\" content=\"image\/jpeg\" \/>\n<meta name=\"twitter:card\" content=\"summary_large_image\" \/>\n<script type=\"application\/ld+json\" class=\"yoast-schema-graph\">{\"@context\":\"https:\/\/schema.org\",\"@graph\":[{\"@type\":\"ProfilePage\",\"@id\":\"https:\/\/www.gereso.com\/actualites\/author\/c-prioul\/\",\"url\":\"https:\/\/www.gereso.com\/actualites\/author\/c-prioul\/\",\"name\":\"C\u00e9cile Prioul, Author at Le Blog GERESO\",\"isPartOf\":{\"@id\":\"https:\/\/www.gereso.com\/actualites\/#website\"},\"breadcrumb\":{\"@id\":\"https:\/\/www.gereso.com\/actualites\/author\/c-prioul\/#breadcrumb\"},\"inLanguage\":\"fr-FR\",\"potentialAction\":[{\"@type\":\"ReadAction\",\"target\":[\"https:\/\/www.gereso.com\/actualites\/author\/c-prioul\/\"]}]},{\"@type\":\"BreadcrumbList\",\"@id\":\"https:\/\/www.gereso.com\/actualites\/author\/c-prioul\/#breadcrumb\",\"itemListElement\":[{\"@type\":\"ListItem\",\"position\":1,\"name\":\"Home\",\"item\":\"https:\/\/www.gereso.com\/actualites\/\"},{\"@type\":\"ListItem\",\"position\":2,\"name\":\"Archives for C\u00e9cile Prioul\"}]},{\"@type\":\"WebSite\",\"@id\":\"https:\/\/www.gereso.com\/actualites\/#website\",\"url\":\"https:\/\/www.gereso.com\/actualites\/\",\"name\":\"Le Blog GERESO\",\"description\":\"Toute l&#039;actu RH, Finance, Fonction Publique, Management...\",\"potentialAction\":[{\"@type\":\"SearchAction\",\"target\":{\"@type\":\"EntryPoint\",\"urlTemplate\":\"https:\/\/www.gereso.com\/actualites\/?s={search_term_string}\"},\"query-input\":{\"@type\":\"PropertyValueSpecification\",\"valueRequired\":true,\"valueName\":\"search_term_string\"}}],\"inLanguage\":\"fr-FR\"},{\"@type\":\"Person\",\"@id\":\"https:\/\/www.gereso.com\/actualites\/#\/schema\/person\/b07f3c74edac2b6430d52665020a2123\",\"name\":\"C\u00e9cile Prioul\",\"image\":{\"@type\":\"ImageObject\",\"inLanguage\":\"fr-FR\",\"@id\":\"https:\/\/www.gereso.com\/actualites\/#\/schema\/person\/image\/\",\"url\":\"https:\/\/www.gereso.com\/actualites\/wp-content\/uploads\/2022\/07\/cecile-prioul-120x120.jpeg\",\"contentUrl\":\"https:\/\/www.gereso.com\/actualites\/wp-content\/uploads\/2022\/07\/cecile-prioul-120x120.jpeg\",\"caption\":\"C\u00e9cile Prioul\"},\"description\":\"C\u00e9cile Prioul est co-fondatrice de \\\"\u00c7a ira encore mieux demain\\\". En cr\u00e9ant une m\u00e9thodologie innovante alliant un parcours digital d\u2019exercices de coaching, d\u2019\u00c9ducation Th\u00e9rapeutique du Patient et d\u2019Intelligence \u00e9motionnelle \u00e0 des s\u00e9ances individuelles de pr\u00e9paration \u00e0 la r\u00e9union de liaison, \\\"\u00c7a ira encore mieux demain\\\" re\u00e7oit le prix Coup de c\u0153ur Sant\u00e9 Entrepreneur par VYV en 2020 et le prix de l\u2019innovation Mangement RH par Pr\u00e9ventica 2022.\",\"mainEntityOfPage\":{\"@id\":\"https:\/\/www.gereso.com\/actualites\/author\/c-prioul\/\"}}]}<\/script>\n<!-- \/ Yoast SEO plugin. -->","yoast_head_json":{"title":"C\u00e9cile Prioul, Author at Le Blog GERESO","robots":{"index":"index","follow":"follow","max-snippet":"max-snippet:-1","max-image-preview":"max-image-preview:large","max-video-preview":"max-video-preview:-1"},"canonical":"https:\/\/www.gereso.com\/actualites\/author\/c-prioul\/","og_locale":"fr_FR","og_type":"profile","og_title":"C\u00e9cile Prioul, Author at Le Blog GERESO","og_url":"https:\/\/www.gereso.com\/actualites\/author\/c-prioul\/","og_site_name":"Le Blog GERESO","og_image":[{"width":853,"height":891,"url":"https:\/\/www.gereso.com\/actualites\/wp-content\/uploads\/2022\/07\/cecile-prioul.jpeg","type":"image\/jpeg"}],"twitter_card":"summary_large_image","schema":{"@context":"https:\/\/schema.org","@graph":[{"@type":"ProfilePage","@id":"https:\/\/www.gereso.com\/actualites\/author\/c-prioul\/","url":"https:\/\/www.gereso.com\/actualites\/author\/c-prioul\/","name":"C\u00e9cile Prioul, Author at Le Blog GERESO","isPartOf":{"@id":"https:\/\/www.gereso.com\/actualites\/#website"},"breadcrumb":{"@id":"https:\/\/www.gereso.com\/actualites\/author\/c-prioul\/#breadcrumb"},"inLanguage":"fr-FR","potentialAction":[{"@type":"ReadAction","target":["https:\/\/www.gereso.com\/actualites\/author\/c-prioul\/"]}]},{"@type":"BreadcrumbList","@id":"https:\/\/www.gereso.com\/actualites\/author\/c-prioul\/#breadcrumb","itemListElement":[{"@type":"ListItem","position":1,"name":"Home","item":"https:\/\/www.gereso.com\/actualites\/"},{"@type":"ListItem","position":2,"name":"Archives for C\u00e9cile Prioul"}]},{"@type":"WebSite","@id":"https:\/\/www.gereso.com\/actualites\/#website","url":"https:\/\/www.gereso.com\/actualites\/","name":"Le Blog GERESO","description":"Toute l&#039;actu RH, Finance, Fonction Publique, Management...","potentialAction":[{"@type":"SearchAction","target":{"@type":"EntryPoint","urlTemplate":"https:\/\/www.gereso.com\/actualites\/?s={search_term_string}"},"query-input":{"@type":"PropertyValueSpecification","valueRequired":true,"valueName":"search_term_string"}}],"inLanguage":"fr-FR"},{"@type":"Person","@id":"https:\/\/www.gereso.com\/actualites\/#\/schema\/person\/b07f3c74edac2b6430d52665020a2123","name":"C\u00e9cile Prioul","image":{"@type":"ImageObject","inLanguage":"fr-FR","@id":"https:\/\/www.gereso.com\/actualites\/#\/schema\/person\/image\/","url":"https:\/\/www.gereso.com\/actualites\/wp-content\/uploads\/2022\/07\/cecile-prioul-120x120.jpeg","contentUrl":"https:\/\/www.gereso.com\/actualites\/wp-content\/uploads\/2022\/07\/cecile-prioul-120x120.jpeg","caption":"C\u00e9cile Prioul"},"description":"C\u00e9cile Prioul est co-fondatrice de \"\u00c7a ira encore mieux demain\". En cr\u00e9ant une m\u00e9thodologie innovante alliant un parcours digital d\u2019exercices de coaching, d\u2019\u00c9ducation Th\u00e9rapeutique du Patient et d\u2019Intelligence \u00e9motionnelle \u00e0 des s\u00e9ances individuelles de pr\u00e9paration \u00e0 la r\u00e9union de liaison, \"\u00c7a ira encore mieux demain\" re\u00e7oit le prix Coup de c\u0153ur Sant\u00e9 Entrepreneur par VYV en 2020 et le prix de l\u2019innovation Mangement RH par Pr\u00e9ventica 2022.","mainEntityOfPage":{"@id":"https:\/\/www.gereso.com\/actualites\/author\/c-prioul\/"}}]}},"_links":{"self":[{"href":"https:\/\/www.gereso.com\/actualites\/wp-json\/wp\/v2\/users\/87","targetHints":{"allow":["GET"]}}],"collection":[{"href":"https:\/\/www.gereso.com\/actualites\/wp-json\/wp\/v2\/users"}]}}