{"id":94,"name":"Chlo\u00e9 Sady","url":"","description":"Apr\u00e8s une premi\u00e8re carri\u00e8re dans la tech, Chlo\u00e9 Sady a fond\u00e9 Boost my Talents pour former sur les nouveaux enjeux RH, incluant les pratiques manag\u00e9riales innovantes, la diversit\u00e9 et l'inclusion, la collaboration interg\u00e9n\u00e9rationnelle, ainsi que le bien-\u00eatre au travail. Auteure du livre \"Career Boost\", elle accompagne des entreprises et des \u00e9tablissements d'enseignement sup\u00e9rieur pour pr\u00e9parer les talents de demain aux d\u00e9fis organisationnels et au d\u00e9veloppement de leurs soft skills.","link":"https:\/\/www.gereso.com\/actualites\/author\/c-sady\/","slug":"c-sady","avatar_urls":{"24":"https:\/\/www.gereso.com\/actualites\/wp-content\/uploads\/2024\/08\/chloe-sady-120x120.png","48":"https:\/\/www.gereso.com\/actualites\/wp-content\/uploads\/2024\/08\/chloe-sady-120x120.png","96":"https:\/\/www.gereso.com\/actualites\/wp-content\/uploads\/2024\/08\/chloe-sady-120x120.png"},"meta":[],"acf":[],"yoast_head":"<!-- This site is optimized with the Yoast SEO plugin v23.4 - https:\/\/yoast.com\/wordpress\/plugins\/seo\/ -->\n<title>Chlo\u00e9 Sady, Author at Le Blog GERESO<\/title>\n<meta name=\"robots\" content=\"index, follow, max-snippet:-1, max-image-preview:large, max-video-preview:-1\" \/>\n<link rel=\"canonical\" href=\"https:\/\/www.gereso.com\/actualites\/author\/c-sady\/\" \/>\n<meta property=\"og:locale\" content=\"fr_FR\" \/>\n<meta property=\"og:type\" content=\"profile\" \/>\n<meta property=\"og:title\" content=\"Chlo\u00e9 Sady, Author at Le Blog GERESO\" \/>\n<meta property=\"og:url\" content=\"https:\/\/www.gereso.com\/actualites\/author\/c-sady\/\" \/>\n<meta property=\"og:site_name\" content=\"Le Blog GERESO\" \/>\n<meta property=\"og:image\" content=\"https:\/\/www.gereso.com\/actualites\/wp-content\/uploads\/2024\/08\/chloe-sady.png\" \/>\n\t<meta property=\"og:image:width\" content=\"719\" \/>\n\t<meta property=\"og:image:height\" content=\"719\" \/>\n\t<meta property=\"og:image:type\" content=\"image\/png\" \/>\n<meta name=\"twitter:card\" content=\"summary_large_image\" \/>\n<script type=\"application\/ld+json\" class=\"yoast-schema-graph\">{\"@context\":\"https:\/\/schema.org\",\"@graph\":[{\"@type\":\"ProfilePage\",\"@id\":\"https:\/\/www.gereso.com\/actualites\/author\/c-sady\/\",\"url\":\"https:\/\/www.gereso.com\/actualites\/author\/c-sady\/\",\"name\":\"Chlo\u00e9 Sady, Author at Le Blog GERESO\",\"isPartOf\":{\"@id\":\"https:\/\/www.gereso.com\/actualites\/#website\"},\"breadcrumb\":{\"@id\":\"https:\/\/www.gereso.com\/actualites\/author\/c-sady\/#breadcrumb\"},\"inLanguage\":\"fr-FR\",\"potentialAction\":[{\"@type\":\"ReadAction\",\"target\":[\"https:\/\/www.gereso.com\/actualites\/author\/c-sady\/\"]}]},{\"@type\":\"BreadcrumbList\",\"@id\":\"https:\/\/www.gereso.com\/actualites\/author\/c-sady\/#breadcrumb\",\"itemListElement\":[{\"@type\":\"ListItem\",\"position\":1,\"name\":\"Home\",\"item\":\"https:\/\/www.gereso.com\/actualites\/\"},{\"@type\":\"ListItem\",\"position\":2,\"name\":\"Archives for Chlo\u00e9 Sady\"}]},{\"@type\":\"WebSite\",\"@id\":\"https:\/\/www.gereso.com\/actualites\/#website\",\"url\":\"https:\/\/www.gereso.com\/actualites\/\",\"name\":\"Le Blog GERESO\",\"description\":\"Toute l&#039;actu RH, Finance, Fonction Publique, Management...\",\"potentialAction\":[{\"@type\":\"SearchAction\",\"target\":{\"@type\":\"EntryPoint\",\"urlTemplate\":\"https:\/\/www.gereso.com\/actualites\/?s={search_term_string}\"},\"query-input\":{\"@type\":\"PropertyValueSpecification\",\"valueRequired\":true,\"valueName\":\"search_term_string\"}}],\"inLanguage\":\"fr-FR\"},{\"@type\":\"Person\",\"@id\":\"https:\/\/www.gereso.com\/actualites\/#\/schema\/person\/1da9327891bedae415188896f02ebb4f\",\"name\":\"Chlo\u00e9 Sady\",\"image\":{\"@type\":\"ImageObject\",\"inLanguage\":\"fr-FR\",\"@id\":\"https:\/\/www.gereso.com\/actualites\/#\/schema\/person\/image\/\",\"url\":\"https:\/\/www.gereso.com\/actualites\/wp-content\/uploads\/2024\/08\/chloe-sady-120x120.png\",\"contentUrl\":\"https:\/\/www.gereso.com\/actualites\/wp-content\/uploads\/2024\/08\/chloe-sady-120x120.png\",\"caption\":\"Chlo\u00e9 Sady\"},\"description\":\"Apr\u00e8s une premi\u00e8re carri\u00e8re dans la tech, Chlo\u00e9 Sady a fond\u00e9 Boost my Talents pour former sur les nouveaux enjeux RH, incluant les pratiques manag\u00e9riales innovantes, la diversit\u00e9 et l'inclusion, la collaboration interg\u00e9n\u00e9rationnelle, ainsi que le bien-\u00eatre au travail. Auteure du livre \\\"Career Boost\\\", elle accompagne des entreprises et des \u00e9tablissements d'enseignement sup\u00e9rieur pour pr\u00e9parer les talents de demain aux d\u00e9fis organisationnels et au d\u00e9veloppement de leurs soft skills.\",\"mainEntityOfPage\":{\"@id\":\"https:\/\/www.gereso.com\/actualites\/author\/c-sady\/\"}}]}<\/script>\n<!-- \/ Yoast SEO plugin. -->","yoast_head_json":{"title":"Chlo\u00e9 Sady, Author at Le Blog GERESO","robots":{"index":"index","follow":"follow","max-snippet":"max-snippet:-1","max-image-preview":"max-image-preview:large","max-video-preview":"max-video-preview:-1"},"canonical":"https:\/\/www.gereso.com\/actualites\/author\/c-sady\/","og_locale":"fr_FR","og_type":"profile","og_title":"Chlo\u00e9 Sady, Author at Le Blog GERESO","og_url":"https:\/\/www.gereso.com\/actualites\/author\/c-sady\/","og_site_name":"Le Blog GERESO","og_image":[{"width":719,"height":719,"url":"https:\/\/www.gereso.com\/actualites\/wp-content\/uploads\/2024\/08\/chloe-sady.png","type":"image\/png"}],"twitter_card":"summary_large_image","schema":{"@context":"https:\/\/schema.org","@graph":[{"@type":"ProfilePage","@id":"https:\/\/www.gereso.com\/actualites\/author\/c-sady\/","url":"https:\/\/www.gereso.com\/actualites\/author\/c-sady\/","name":"Chlo\u00e9 Sady, Author at Le Blog GERESO","isPartOf":{"@id":"https:\/\/www.gereso.com\/actualites\/#website"},"breadcrumb":{"@id":"https:\/\/www.gereso.com\/actualites\/author\/c-sady\/#breadcrumb"},"inLanguage":"fr-FR","potentialAction":[{"@type":"ReadAction","target":["https:\/\/www.gereso.com\/actualites\/author\/c-sady\/"]}]},{"@type":"BreadcrumbList","@id":"https:\/\/www.gereso.com\/actualites\/author\/c-sady\/#breadcrumb","itemListElement":[{"@type":"ListItem","position":1,"name":"Home","item":"https:\/\/www.gereso.com\/actualites\/"},{"@type":"ListItem","position":2,"name":"Archives for Chlo\u00e9 Sady"}]},{"@type":"WebSite","@id":"https:\/\/www.gereso.com\/actualites\/#website","url":"https:\/\/www.gereso.com\/actualites\/","name":"Le Blog GERESO","description":"Toute l&#039;actu RH, Finance, Fonction Publique, Management...","potentialAction":[{"@type":"SearchAction","target":{"@type":"EntryPoint","urlTemplate":"https:\/\/www.gereso.com\/actualites\/?s={search_term_string}"},"query-input":{"@type":"PropertyValueSpecification","valueRequired":true,"valueName":"search_term_string"}}],"inLanguage":"fr-FR"},{"@type":"Person","@id":"https:\/\/www.gereso.com\/actualites\/#\/schema\/person\/1da9327891bedae415188896f02ebb4f","name":"Chlo\u00e9 Sady","image":{"@type":"ImageObject","inLanguage":"fr-FR","@id":"https:\/\/www.gereso.com\/actualites\/#\/schema\/person\/image\/","url":"https:\/\/www.gereso.com\/actualites\/wp-content\/uploads\/2024\/08\/chloe-sady-120x120.png","contentUrl":"https:\/\/www.gereso.com\/actualites\/wp-content\/uploads\/2024\/08\/chloe-sady-120x120.png","caption":"Chlo\u00e9 Sady"},"description":"Apr\u00e8s une premi\u00e8re carri\u00e8re dans la tech, Chlo\u00e9 Sady a fond\u00e9 Boost my Talents pour former sur les nouveaux enjeux RH, incluant les pratiques manag\u00e9riales innovantes, la diversit\u00e9 et l'inclusion, la collaboration interg\u00e9n\u00e9rationnelle, ainsi que le bien-\u00eatre au travail. Auteure du livre \"Career Boost\", elle accompagne des entreprises et des \u00e9tablissements d'enseignement sup\u00e9rieur pour pr\u00e9parer les talents de demain aux d\u00e9fis organisationnels et au d\u00e9veloppement de leurs soft skills.","mainEntityOfPage":{"@id":"https:\/\/www.gereso.com\/actualites\/author\/c-sady\/"}}]}},"_links":{"self":[{"href":"https:\/\/www.gereso.com\/actualites\/wp-json\/wp\/v2\/users\/94","targetHints":{"allow":["GET"]}}],"collection":[{"href":"https:\/\/www.gereso.com\/actualites\/wp-json\/wp\/v2\/users"}]}}